{"id":7329,"date":"2025-12-04T16:22:47","date_gmt":"2025-12-04T16:22:47","guid":{"rendered":"http:\/\/www.eb23caiderei.pt\/site\/?p=7329"},"modified":"2025-12-04T16:22:47","modified_gmt":"2025-12-04T16:22:47","slug":"exposicao-a-coroa-que-passou-para-o-ceu-6-o-ano","status":"publish","type":"post","link":"https:\/\/www.eb23caiderei.pt\/site\/?p=7329","title":{"rendered":"Exposi\u00e7\u00e3o \u201cA coroa que passou para o c\u00e9u\u201d \u2013 6.\u00ba Ano"},"content":{"rendered":"<p style=\"text-align: justify;\">Os alunos do 6.\u00ba ano, no \u00e2mbito da disciplina de Hist\u00f3ria e Geografia de Portugal, realizaram a exposi\u00e7\u00e3o \u201cA coroa que passou para o c\u00e9u\u201d, uma iniciativa desenvolvida para assinalar o feriado de 8 de dezembro, ligado \u00e0 Imaculada Concei\u00e7\u00e3o e \u00e0 figura de D. Jo\u00e3o IV.<\/p>\n<p style=\"text-align: justify;\">A exposi\u00e7\u00e3o apresenta um conjunto diversificado de coroas constru\u00eddas pelos alunos, evidenciando criatividade, dedica\u00e7\u00e3o e sentido est\u00e9tico. A atividade contou ainda com o contributo das fam\u00edlias, que apoiaram os seus educandos na execu\u00e7\u00e3o das coroas e disponibilizaram materiais. Destaca-se, de forma especial, a colabora\u00e7\u00e3o de um encarregado de educa\u00e7\u00e3o que construiu o orat\u00f3rio que integrou a exposi\u00e7\u00e3o.<\/p>\n<p style=\"text-align: justify;\">O resultado final reflete um trabalho de grande qualidade pedag\u00f3gica e art\u00edstica, valorizando o patrim\u00f3nio hist\u00f3rico-cultural e promovendo a aprendizagem ativa dos alunos, constituindo um importante exemplo de trabalho articulado entre escola e comunidade.<\/p>\n<div id='gallery-1' class='gallery galleryid-7329 gallery-columns-3 gallery-size-medium'><figure class='gallery-item'>\n\t\t\t<div class='gallery-icon portrait'>\n\t\t\t\t<a href='https:\/\/www.eb23caiderei.pt\/site\/wp-content\/uploads\/2025\/12\/20251203_112553.jpg'><img fetchpriority=\"high\" decoding=\"async\" width=\"169\" height=\"300\" src=\"https:\/\/www.eb23caiderei.pt\/site\/wp-content\/uploads\/2025\/12\/20251203_112553-169x300.jpg\" class=\"attachment-medium size-medium\" alt=\"\" srcset=\"https:\/\/www.eb23caiderei.pt\/site\/wp-content\/uploads\/2025\/12\/20251203_112553-169x300.jpg 169w, https:\/\/www.eb23caiderei.pt\/site\/wp-content\/uploads\/2025\/12\/20251203_112553-576x1024.jpg 576w, https:\/\/www.eb23caiderei.pt\/site\/wp-content\/uploads\/2025\/12\/20251203_112553-768x1366.jpg 768w, https:\/\/www.eb23caiderei.pt\/site\/wp-content\/uploads\/2025\/12\/20251203_112553-864x1536.jpg 864w, https:\/\/www.eb23caiderei.pt\/site\/wp-content\/uploads\/2025\/12\/20251203_112553-62x110.jpg 62w, https:\/\/www.eb23caiderei.pt\/site\/wp-content\/uploads\/2025\/12\/20251203_112553-236x420.jpg 236w, https:\/\/www.eb23caiderei.pt\/site\/wp-content\/uploads\/2025\/12\/20251203_112553-242x430.jpg 242w, https:\/\/www.eb23caiderei.pt\/site\/wp-content\/uploads\/2025\/12\/20251203_112553.jpg 1000w\" sizes=\"(max-width: 169px) 100vw, 169px\" \/><\/a>\n\t\t\t<\/div><\/figure><figure class='gallery-item'>\n\t\t\t<div class='gallery-icon landscape'>\n\t\t\t\t<a href='https:\/\/www.eb23caiderei.pt\/site\/wp-content\/uploads\/2025\/12\/20251203_112541.jpg'><img decoding=\"async\" width=\"300\" height=\"169\" src=\"https:\/\/www.eb23caiderei.pt\/site\/wp-content\/uploads\/2025\/12\/20251203_112541-300x169.jpg\" class=\"attachment-medium size-medium\" alt=\"\" srcset=\"https:\/\/www.eb23caiderei.pt\/site\/wp-content\/uploads\/2025\/12\/20251203_112541-300x169.jpg 300w, https:\/\/www.eb23caiderei.pt\/site\/wp-content\/uploads\/2025\/12\/20251203_112541-768x432.jpg 768w, https:\/\/www.eb23caiderei.pt\/site\/wp-content\/uploads\/2025\/12\/20251203_112541-110x62.jpg 110w, https:\/\/www.eb23caiderei.pt\/site\/wp-content\/uploads\/2025\/12\/20251203_112541-420x236.jpg 420w, https:\/\/www.eb23caiderei.pt\/site\/wp-content\/uploads\/2025\/12\/20251203_112541-770x430.jpg 770w, https:\/\/www.eb23caiderei.pt\/site\/wp-content\/uploads\/2025\/12\/20251203_112541-764x430.jpg 764w, https:\/\/www.eb23caiderei.pt\/site\/wp-content\/uploads\/2025\/12\/20251203_112541.jpg 1000w\" sizes=\"(max-width: 300px) 100vw, 300px\" \/><\/a>\n\t\t\t<\/div><\/figure>\n\t\t<\/div>\n\n","protected":false},"excerpt":{"rendered":"<p>Os alunos do 6.\u00ba ano, no \u00e2mbito da disciplina de Hist\u00f3ria e Geografia de Portugal, realizaram a exposi\u00e7\u00e3o \u201cA coroa que passou para o c\u00e9u\u201d, uma iniciativa desenvolvida para assinalar o feriado de 8 de dezembro, ligado \u00e0 Imaculada Concei\u00e7\u00e3o e \u00e0 figura de D. Jo\u00e3o IV. A exposi\u00e7\u00e3o apresenta um conjunto diversificado de coroas [&hellip;]<\/p>\n","protected":false},"author":1,"featured_media":7330,"comment_status":"closed","ping_status":"open","sticky":false,"template":"","format":"standard","meta":{"_acf_changed":false,"footnotes":"","jetpack_publicize_message":"","jetpack_publicize_feature_enabled":true,"jetpack_social_post_already_shared":true,"jetpack_social_options":{"image_generator_settings":{"template":"highway","enabled":false}}},"categories":[64],"tags":[],"jetpack_publicize_connections":[],"acf":[],"jetpack_featured_media_url":"https:\/\/www.eb23caiderei.pt\/site\/wp-content\/uploads\/2025\/12\/esposicaorei25_p.jpg","jetpack_sharing_enabled":true,"_links":{"self":[{"href":"https:\/\/www.eb23caiderei.pt\/site\/index.php?rest_route=\/wp\/v2\/posts\/7329"}],"collection":[{"href":"https:\/\/www.eb23caiderei.pt\/site\/index.php?rest_route=\/wp\/v2\/posts"}],"about":[{"href":"https:\/\/www.eb23caiderei.pt\/site\/index.php?rest_route=\/wp\/v2\/types\/post"}],"author":[{"embeddable":true,"href":"https:\/\/www.eb23caiderei.pt\/site\/index.php?rest_route=\/wp\/v2\/users\/1"}],"replies":[{"embeddable":true,"href":"https:\/\/www.eb23caiderei.pt\/site\/index.php?rest_route=%2Fwp%2Fv2%2Fcomments&post=7329"}],"version-history":[{"count":1,"href":"https:\/\/www.eb23caiderei.pt\/site\/index.php?rest_route=\/wp\/v2\/posts\/7329\/revisions"}],"predecessor-version":[{"id":7333,"href":"https:\/\/www.eb23caiderei.pt\/site\/index.php?rest_route=\/wp\/v2\/posts\/7329\/revisions\/7333"}],"wp:featuredmedia":[{"embeddable":true,"href":"https:\/\/www.eb23caiderei.pt\/site\/index.php?rest_route=\/wp\/v2\/media\/7330"}],"wp:attachment":[{"href":"https:\/\/www.eb23caiderei.pt\/site\/index.php?rest_route=%2Fwp%2Fv2%2Fmedia&parent=7329"}],"wp:term":[{"taxonomy":"category","embeddable":true,"href":"https:\/\/www.eb23caiderei.pt\/site\/index.php?rest_route=%2Fwp%2Fv2%2Fcategories&post=7329"},{"taxonomy":"post_tag","embeddable":true,"href":"https:\/\/www.eb23caiderei.pt\/site\/index.php?rest_route=%2Fwp%2Fv2%2Ftags&post=7329"}],"curies":[{"name":"wp","href":"https:\/\/api.w.org\/{rel}","templated":true}]}}