{"id":7292,"date":"2025-11-29T11:08:05","date_gmt":"2025-11-29T11:08:05","guid":{"rendered":"http:\/\/www.eb23caiderei.pt\/site\/?p=7292"},"modified":"2025-12-02T18:17:30","modified_gmt":"2025-12-02T18:17:30","slug":"cinema-de-animacao-exercicios-experimentais-5-o-ano","status":"publish","type":"post","link":"https:\/\/www.eb23caiderei.pt\/site\/?p=7292","title":{"rendered":"Cinema de Anima\u00e7\u00e3o: Exerc\u00edcios Experimentais (5.\u00ba Ano)"},"content":{"rendered":"<p style=\"text-align: justify;\">Primeiras experi\u00eancias realizadas pelos alunos do 5\u00ba ano durante o 1\u00ba per\u00edodo na disciplina de Cinema de Anima\u00e7\u00e3o.<\/p>\n<div class=\"jetpack-video-wrapper\"><iframe title=\"CAnim EXERC DEZ 25 26 novo\" width=\"640\" height=\"360\" src=\"https:\/\/www.youtube.com\/embed\/vVaYnyFasu0?feature=oembed\" frameborder=\"0\" allow=\"accelerometer; autoplay; clipboard-write; encrypted-media; gyroscope; picture-in-picture; web-share\" referrerpolicy=\"strict-origin-when-cross-origin\" allowfullscreen><\/iframe><\/div>\n","protected":false},"excerpt":{"rendered":"<p>Primeiras experi\u00eancias realizadas pelos alunos do 5\u00ba ano durante o 1\u00ba per\u00edodo na disciplina de Cinema de Anima\u00e7\u00e3o.<\/p>\n","protected":false},"author":1,"featured_media":7293,"comment_status":"closed","ping_status":"open","sticky":false,"template":"","format":"standard","meta":{"_acf_changed":false,"footnotes":"","jetpack_publicize_message":"","jetpack_publicize_feature_enabled":true,"jetpack_social_post_already_shared":true,"jetpack_social_options":{"image_generator_settings":{"template":"highway","enabled":false}}},"categories":[64],"tags":[],"jetpack_publicize_connections":[],"acf":[],"jetpack_featured_media_url":"https:\/\/www.eb23caiderei.pt\/site\/wp-content\/uploads\/2025\/11\/ca_exerc_dez25_p.png","jetpack_sharing_enabled":true,"_links":{"self":[{"href":"https:\/\/www.eb23caiderei.pt\/site\/index.php?rest_route=\/wp\/v2\/posts\/7292"}],"collection":[{"href":"https:\/\/www.eb23caiderei.pt\/site\/index.php?rest_route=\/wp\/v2\/posts"}],"about":[{"href":"https:\/\/www.eb23caiderei.pt\/site\/index.php?rest_route=\/wp\/v2\/types\/post"}],"author":[{"embeddable":true,"href":"https:\/\/www.eb23caiderei.pt\/site\/index.php?rest_route=\/wp\/v2\/users\/1"}],"replies":[{"embeddable":true,"href":"https:\/\/www.eb23caiderei.pt\/site\/index.php?rest_route=%2Fwp%2Fv2%2Fcomments&post=7292"}],"version-history":[{"count":2,"href":"https:\/\/www.eb23caiderei.pt\/site\/index.php?rest_route=\/wp\/v2\/posts\/7292\/revisions"}],"predecessor-version":[{"id":7315,"href":"https:\/\/www.eb23caiderei.pt\/site\/index.php?rest_route=\/wp\/v2\/posts\/7292\/revisions\/7315"}],"wp:featuredmedia":[{"embeddable":true,"href":"https:\/\/www.eb23caiderei.pt\/site\/index.php?rest_route=\/wp\/v2\/media\/7293"}],"wp:attachment":[{"href":"https:\/\/www.eb23caiderei.pt\/site\/index.php?rest_route=%2Fwp%2Fv2%2Fmedia&parent=7292"}],"wp:term":[{"taxonomy":"category","embeddable":true,"href":"https:\/\/www.eb23caiderei.pt\/site\/index.php?rest_route=%2Fwp%2Fv2%2Fcategories&post=7292"},{"taxonomy":"post_tag","embeddable":true,"href":"https:\/\/www.eb23caiderei.pt\/site\/index.php?rest_route=%2Fwp%2Fv2%2Ftags&post=7292"}],"curies":[{"name":"wp","href":"https:\/\/api.w.org\/{rel}","templated":true}]}}