{"id":7735,"date":"2026-04-27T06:48:03","date_gmt":"2026-04-27T06:48:03","guid":{"rendered":"https:\/\/www.eb23caiderei.pt\/site\/?p=7735"},"modified":"2026-04-27T06:48:03","modified_gmt":"2026-04-27T06:48:03","slug":"exposicao-vozes-de-abril","status":"publish","type":"post","link":"http:\/\/www.eb23caiderei.pt\/site\/?p=7735","title":{"rendered":"Exposi\u00e7\u00e3o \u201cVozes de Abril\u201d"},"content":{"rendered":"<p style=\"text-align: justify;\">No \u00e2mbito das comemora\u00e7\u00f5es do 25 de abril, os alunos dos 5.\u00ba e 6.\u00ba anos, na disciplina de Hist\u00f3ria e Geografia de Portugal, participaram e promoveram a exposi\u00e7\u00e3o \u201cVozes de Abril\u201d, um projeto que pretendeu dar vida \u00e0 mem\u00f3ria e \u00e0 hist\u00f3ria atrav\u00e9s de testemunhos reais.<\/p>\n<p style=\"text-align: justify;\">Os alunos realizaram entrevistas a familiares e membros da comunidade que viveram o per\u00edodo do 25 de abril e\/ou a Guerra Colonial, recolhendo relatos marcantes que ajudam a compreender a import\u00e2ncia da conquista da liberdade e da democracia em Portugal. Paralelamente, elaboraram cravos, s\u00edmbolo maior da Revolu\u00e7\u00e3o, onde registaram mensagens que refletem os valores de abril, como a liberdade, a paz e a igualdade.<\/p>\n<p style=\"text-align: justify;\">Esta exposi\u00e7\u00e3o constituiu um momento de partilha entre gera\u00e7\u00f5es, promovendo a valoriza\u00e7\u00e3o da hist\u00f3ria, da cidadania e da mem\u00f3ria coletiva.<\/p>\n<div class=\"jetpack-video-wrapper\"><iframe title=\"Exposi\u00e7\u00e3o Vozes de Abril 26\" width=\"640\" height=\"360\" src=\"https:\/\/www.youtube.com\/embed\/O3yXxzjGumA?feature=oembed\" frameborder=\"0\" allow=\"accelerometer; autoplay; clipboard-write; encrypted-media; gyroscope; picture-in-picture; web-share\" referrerpolicy=\"strict-origin-when-cross-origin\" allowfullscreen><\/iframe><\/div>\n","protected":false},"excerpt":{"rendered":"<p>No \u00e2mbito das comemora\u00e7\u00f5es do 25 de abril, os alunos dos 5.\u00ba e 6.\u00ba anos, na disciplina de Hist\u00f3ria e Geografia de Portugal, participaram e promoveram a exposi\u00e7\u00e3o \u201cVozes de Abril\u201d, um projeto que pretendeu dar vida \u00e0 mem\u00f3ria e \u00e0 hist\u00f3ria atrav\u00e9s de testemunhos reais. Os alunos realizaram entrevistas a familiares e membros da [&hellip;]<\/p>\n","protected":false},"author":1,"featured_media":7736,"comment_status":"closed","ping_status":"open","sticky":false,"template":"","format":"standard","meta":{"_acf_changed":false,"footnotes":"","jetpack_publicize_message":"","jetpack_publicize_feature_enabled":true,"jetpack_social_post_already_shared":true,"jetpack_social_options":{"image_generator_settings":{"template":"highway","enabled":false}}},"categories":[1],"tags":[],"jetpack_publicize_connections":[],"acf":[],"jetpack_featured_media_url":"http:\/\/www.eb23caiderei.pt\/site\/wp-content\/uploads\/2026\/04\/expoabril26_p.png","jetpack_sharing_enabled":true,"_links":{"self":[{"href":"http:\/\/www.eb23caiderei.pt\/site\/index.php?rest_route=\/wp\/v2\/posts\/7735"}],"collection":[{"href":"http:\/\/www.eb23caiderei.pt\/site\/index.php?rest_route=\/wp\/v2\/posts"}],"about":[{"href":"http:\/\/www.eb23caiderei.pt\/site\/index.php?rest_route=\/wp\/v2\/types\/post"}],"author":[{"embeddable":true,"href":"http:\/\/www.eb23caiderei.pt\/site\/index.php?rest_route=\/wp\/v2\/users\/1"}],"replies":[{"embeddable":true,"href":"http:\/\/www.eb23caiderei.pt\/site\/index.php?rest_route=%2Fwp%2Fv2%2Fcomments&post=7735"}],"version-history":[{"count":1,"href":"http:\/\/www.eb23caiderei.pt\/site\/index.php?rest_route=\/wp\/v2\/posts\/7735\/revisions"}],"predecessor-version":[{"id":7737,"href":"http:\/\/www.eb23caiderei.pt\/site\/index.php?rest_route=\/wp\/v2\/posts\/7735\/revisions\/7737"}],"wp:featuredmedia":[{"embeddable":true,"href":"http:\/\/www.eb23caiderei.pt\/site\/index.php?rest_route=\/wp\/v2\/media\/7736"}],"wp:attachment":[{"href":"http:\/\/www.eb23caiderei.pt\/site\/index.php?rest_route=%2Fwp%2Fv2%2Fmedia&parent=7735"}],"wp:term":[{"taxonomy":"category","embeddable":true,"href":"http:\/\/www.eb23caiderei.pt\/site\/index.php?rest_route=%2Fwp%2Fv2%2Fcategories&post=7735"},{"taxonomy":"post_tag","embeddable":true,"href":"http:\/\/www.eb23caiderei.pt\/site\/index.php?rest_route=%2Fwp%2Fv2%2Ftags&post=7735"}],"curies":[{"name":"wp","href":"https:\/\/api.w.org\/{rel}","templated":true}]}}