{"id":7430,"date":"2026-01-28T11:38:46","date_gmt":"2026-01-28T11:38:46","guid":{"rendered":"https:\/\/www.eb23caiderei.pt\/site\/?p=7430"},"modified":"2026-01-28T11:38:46","modified_gmt":"2026-01-28T11:38:46","slug":"a-mochila-em-forma","status":"publish","type":"post","link":"http:\/\/www.eb23caiderei.pt\/site\/?p=7430","title":{"rendered":"A Mochila em Forma!"},"content":{"rendered":"<p style=\"text-align: justify;\">No \u00e2mbito da disciplina de <strong>Cidadania e Desenvolvimento<\/strong>, em cumprimento do <strong>Plano de Turma do 6.\u00ba B<\/strong>, na dimens\u00e3o da Sa\u00fade e em articula\u00e7\u00e3o com o <strong>Projeto AGIR<\/strong>, a encarregada de educa\u00e7\u00e3o e fisioterapeuta da escola, <strong>Liliana Babo<\/strong>, orientou a realiza\u00e7\u00e3o de uma curta-metragem com os alunos da turma, com o objetivo de sensibilizar a comunidade educativa para o problema do peso excessivo das mochilas escolares.<\/p>\n<div class=\"jetpack-video-wrapper\"><iframe title=\"A mochila em Forma - 6\u00baB 2025\/2026\" width=\"640\" height=\"360\" src=\"https:\/\/www.youtube.com\/embed\/AB2OIx5_PRc?feature=oembed\" frameborder=\"0\" allow=\"accelerometer; autoplay; clipboard-write; encrypted-media; gyroscope; picture-in-picture; web-share\" referrerpolicy=\"strict-origin-when-cross-origin\" allowfullscreen><\/iframe><\/div>\n","protected":false},"excerpt":{"rendered":"<p>No \u00e2mbito da disciplina de Cidadania e Desenvolvimento, em cumprimento do Plano de Turma do 6.\u00ba B, na dimens\u00e3o da Sa\u00fade e em articula\u00e7\u00e3o com o Projeto AGIR, a encarregada de educa\u00e7\u00e3o e fisioterapeuta da escola, Liliana Babo, orientou a realiza\u00e7\u00e3o de uma curta-metragem com os alunos da turma, com o objetivo de sensibilizar a [&hellip;]<\/p>\n","protected":false},"author":1,"featured_media":7431,"comment_status":"closed","ping_status":"open","sticky":false,"template":"","format":"standard","meta":{"_acf_changed":false,"footnotes":"","jetpack_publicize_message":"","jetpack_publicize_feature_enabled":true,"jetpack_social_post_already_shared":true,"jetpack_social_options":{"image_generator_settings":{"template":"highway","enabled":false}}},"categories":[64],"tags":[],"jetpack_publicize_connections":[],"acf":[],"jetpack_featured_media_url":"http:\/\/www.eb23caiderei.pt\/site\/wp-content\/uploads\/2026\/01\/mochilaforma_p.png","jetpack_sharing_enabled":true,"_links":{"self":[{"href":"http:\/\/www.eb23caiderei.pt\/site\/index.php?rest_route=\/wp\/v2\/posts\/7430"}],"collection":[{"href":"http:\/\/www.eb23caiderei.pt\/site\/index.php?rest_route=\/wp\/v2\/posts"}],"about":[{"href":"http:\/\/www.eb23caiderei.pt\/site\/index.php?rest_route=\/wp\/v2\/types\/post"}],"author":[{"embeddable":true,"href":"http:\/\/www.eb23caiderei.pt\/site\/index.php?rest_route=\/wp\/v2\/users\/1"}],"replies":[{"embeddable":true,"href":"http:\/\/www.eb23caiderei.pt\/site\/index.php?rest_route=%2Fwp%2Fv2%2Fcomments&post=7430"}],"version-history":[{"count":1,"href":"http:\/\/www.eb23caiderei.pt\/site\/index.php?rest_route=\/wp\/v2\/posts\/7430\/revisions"}],"predecessor-version":[{"id":7432,"href":"http:\/\/www.eb23caiderei.pt\/site\/index.php?rest_route=\/wp\/v2\/posts\/7430\/revisions\/7432"}],"wp:featuredmedia":[{"embeddable":true,"href":"http:\/\/www.eb23caiderei.pt\/site\/index.php?rest_route=\/wp\/v2\/media\/7431"}],"wp:attachment":[{"href":"http:\/\/www.eb23caiderei.pt\/site\/index.php?rest_route=%2Fwp%2Fv2%2Fmedia&parent=7430"}],"wp:term":[{"taxonomy":"category","embeddable":true,"href":"http:\/\/www.eb23caiderei.pt\/site\/index.php?rest_route=%2Fwp%2Fv2%2Fcategories&post=7430"},{"taxonomy":"post_tag","embeddable":true,"href":"http:\/\/www.eb23caiderei.pt\/site\/index.php?rest_route=%2Fwp%2Fv2%2Ftags&post=7430"}],"curies":[{"name":"wp","href":"https:\/\/api.w.org\/{rel}","templated":true}]}}