{"id":7422,"date":"2026-01-27T22:15:44","date_gmt":"2026-01-27T22:15:44","guid":{"rendered":"https:\/\/www.eb23caiderei.pt\/site\/?p=7422"},"modified":"2026-01-27T22:15:44","modified_gmt":"2026-01-27T22:15:44","slug":"projeto-miudos-a-votos-10a-edicao","status":"publish","type":"post","link":"http:\/\/www.eb23caiderei.pt\/site\/?p=7422","title":{"rendered":"Projeto &#8220;Mi\u00fados a Votos&#8221; &#8211; 10\u00aa edi\u00e7\u00e3o"},"content":{"rendered":"<p style=\"text-align: justify;\">Pelo 2\u00ba ano consecutivo, os alunos do 2\u00ba ciclo participam neste projeto que tem os seguintes objetivos:<\/p>\n<p style=\"text-align: justify;\">&#8211; Envolver os alunos em processos democr\u00e1ticos de decis\u00e3o;<\/p>\n<p style=\"text-align: justify;\">&#8211; Promover a participa\u00e7\u00e3o dos alunos na promo\u00e7\u00e3o dos livros e da leitura;<\/p>\n<p style=\"text-align: justify;\">&#8211; Capacitar os alunos para o uso cr\u00edtico e respons\u00e1vel dos\u00a0media.<\/p>\n<p style=\"text-align: justify;\">A iniciativa \u201cMi\u00fados a Votos!\u201d est\u00e1 em andamento, os alunos j\u00e1 escolheram os livros que gostariam de ver integrados nas listas nacionais de livros a votos e j\u00e1 foram\u00a0anunciados os livros finalistas da 10\u00aa edi\u00e7\u00e3o desta iniciativa que continua a cativar jovens leitores por todo o pa\u00eds.<\/p>\n<p style=\"text-align: justify;\">Divulgamos a lista dos livros finalistas.<\/p>\n<p style=\"text-align: justify;\">A campanha come\u00e7a no dia 19 de fevereiro.<\/p>\n<p style=\"text-align: justify;\">Informa-te na Biblioteca e\/ou\u00a0junto da tua professora de Portugu\u00eas, e participa!<\/p>\n<p><img fetchpriority=\"high\" decoding=\"async\" class=\"alignnone wp-image-7424 size-full\" src=\"http:\/\/www.eb23caiderei.pt\/site\/wp-content\/uploads\/2026\/01\/cartaz-miudos-a-votos26.png\" alt=\"\" width=\"560\" height=\"791\" srcset=\"http:\/\/www.eb23caiderei.pt\/site\/wp-content\/uploads\/2026\/01\/cartaz-miudos-a-votos26.png 560w, http:\/\/www.eb23caiderei.pt\/site\/wp-content\/uploads\/2026\/01\/cartaz-miudos-a-votos26-212x300.png 212w, http:\/\/www.eb23caiderei.pt\/site\/wp-content\/uploads\/2026\/01\/cartaz-miudos-a-votos26-78x110.png 78w, http:\/\/www.eb23caiderei.pt\/site\/wp-content\/uploads\/2026\/01\/cartaz-miudos-a-votos26-297x420.png 297w, http:\/\/www.eb23caiderei.pt\/site\/wp-content\/uploads\/2026\/01\/cartaz-miudos-a-votos26-304x430.png 304w\" sizes=\"(max-width: 560px) 100vw, 560px\" \/><img decoding=\"async\" class=\"alignnone wp-image-7423 size-full\" src=\"http:\/\/www.eb23caiderei.pt\/site\/wp-content\/uploads\/2026\/01\/cartaz-miudos-a-votos26_2.png\" alt=\"\" width=\"558\" height=\"791\" srcset=\"http:\/\/www.eb23caiderei.pt\/site\/wp-content\/uploads\/2026\/01\/cartaz-miudos-a-votos26_2.png 558w, http:\/\/www.eb23caiderei.pt\/site\/wp-content\/uploads\/2026\/01\/cartaz-miudos-a-votos26_2-212x300.png 212w, http:\/\/www.eb23caiderei.pt\/site\/wp-content\/uploads\/2026\/01\/cartaz-miudos-a-votos26_2-78x110.png 78w, http:\/\/www.eb23caiderei.pt\/site\/wp-content\/uploads\/2026\/01\/cartaz-miudos-a-votos26_2-296x420.png 296w, http:\/\/www.eb23caiderei.pt\/site\/wp-content\/uploads\/2026\/01\/cartaz-miudos-a-votos26_2-303x430.png 303w\" sizes=\"(max-width: 558px) 100vw, 558px\" \/><\/p>\n","protected":false},"excerpt":{"rendered":"<p>Pelo 2\u00ba ano consecutivo, os alunos do 2\u00ba ciclo participam neste projeto que tem os seguintes objetivos: &#8211; Envolver os alunos em processos democr\u00e1ticos de decis\u00e3o; &#8211; Promover a participa\u00e7\u00e3o dos alunos na promo\u00e7\u00e3o dos livros e da leitura; &#8211; Capacitar os alunos para o uso cr\u00edtico e respons\u00e1vel dos\u00a0media. A iniciativa \u201cMi\u00fados a Votos!\u201d [&hellip;]<\/p>\n","protected":false},"author":1,"featured_media":7425,"comment_status":"closed","ping_status":"open","sticky":false,"template":"","format":"standard","meta":{"_acf_changed":false,"footnotes":"","jetpack_publicize_message":"","jetpack_publicize_feature_enabled":true,"jetpack_social_post_already_shared":true,"jetpack_social_options":{"image_generator_settings":{"template":"highway","enabled":false}}},"categories":[8],"tags":[],"jetpack_publicize_connections":[],"acf":[],"jetpack_featured_media_url":"http:\/\/www.eb23caiderei.pt\/site\/wp-content\/uploads\/2026\/01\/miudosvotos26_p.jpg","jetpack_sharing_enabled":true,"_links":{"self":[{"href":"http:\/\/www.eb23caiderei.pt\/site\/index.php?rest_route=\/wp\/v2\/posts\/7422"}],"collection":[{"href":"http:\/\/www.eb23caiderei.pt\/site\/index.php?rest_route=\/wp\/v2\/posts"}],"about":[{"href":"http:\/\/www.eb23caiderei.pt\/site\/index.php?rest_route=\/wp\/v2\/types\/post"}],"author":[{"embeddable":true,"href":"http:\/\/www.eb23caiderei.pt\/site\/index.php?rest_route=\/wp\/v2\/users\/1"}],"replies":[{"embeddable":true,"href":"http:\/\/www.eb23caiderei.pt\/site\/index.php?rest_route=%2Fwp%2Fv2%2Fcomments&post=7422"}],"version-history":[{"count":1,"href":"http:\/\/www.eb23caiderei.pt\/site\/index.php?rest_route=\/wp\/v2\/posts\/7422\/revisions"}],"predecessor-version":[{"id":7426,"href":"http:\/\/www.eb23caiderei.pt\/site\/index.php?rest_route=\/wp\/v2\/posts\/7422\/revisions\/7426"}],"wp:featuredmedia":[{"embeddable":true,"href":"http:\/\/www.eb23caiderei.pt\/site\/index.php?rest_route=\/wp\/v2\/media\/7425"}],"wp:attachment":[{"href":"http:\/\/www.eb23caiderei.pt\/site\/index.php?rest_route=%2Fwp%2Fv2%2Fmedia&parent=7422"}],"wp:term":[{"taxonomy":"category","embeddable":true,"href":"http:\/\/www.eb23caiderei.pt\/site\/index.php?rest_route=%2Fwp%2Fv2%2Fcategories&post=7422"},{"taxonomy":"post_tag","embeddable":true,"href":"http:\/\/www.eb23caiderei.pt\/site\/index.php?rest_route=%2Fwp%2Fv2%2Ftags&post=7422"}],"curies":[{"name":"wp","href":"https:\/\/api.w.org\/{rel}","templated":true}]}}