{"id":7407,"date":"2026-01-22T15:49:31","date_gmt":"2026-01-22T15:49:31","guid":{"rendered":"https:\/\/www.eb23caiderei.pt\/site\/?p=7407"},"modified":"2026-01-22T15:49:31","modified_gmt":"2026-01-22T15:49:31","slug":"escola-electrao-no-a-e-lousada-este","status":"publish","type":"post","link":"http:\/\/www.eb23caiderei.pt\/site\/?p=7407","title":{"rendered":"Escola\u00a0Electr\u00e3o no A. E. Lousada Este"},"content":{"rendered":"<p style=\"text-align: justify;\">A Escola Electr\u00e3o \u00e9 um projeto que tem por objetivo sensibilizar e envolver professores, alunos, funcion\u00e1rios, pais e a comunidade em geral, no esfor\u00e7o da reciclagem, com a recolha de equipamentos el\u00e9tricos e pilhas usadas. No 1\u00baPer\u00edodo, foram recolhidos cerca de 590 Kg de Equipamentos El\u00e9tricos (REEE) e 4Kg de L\u00e2mpadas<\/p>\n<p style=\"text-align: justify;\">Assim, apelamos novamente a toda comunidade escolar para continuar a recolher e entregar na escola: pilhas usadas, l\u00e2mpadas e eletrodom\u00e9sticos velhos (REEE).<\/p>\n<p style=\"text-align: justify;\">O ano letivo n\u00e3o acabou! Continuem a trabalhar para acumular mais Quilos (kg) com as recolhas!<\/p>\n<p><iframe title=\"V\u00eddeo Escola Eletr\u00e3o Janeiro 2026\" width=\"540\" height=\"960\" src=\"https:\/\/www.youtube.com\/embed\/ZNMGdS8Urtk?feature=oembed\" frameborder=\"0\" allow=\"accelerometer; autoplay; clipboard-write; encrypted-media; gyroscope; picture-in-picture; web-share\" referrerpolicy=\"strict-origin-when-cross-origin\" allowfullscreen><\/iframe><\/p>\n","protected":false},"excerpt":{"rendered":"<p>A Escola Electr\u00e3o \u00e9 um projeto que tem por objetivo sensibilizar e envolver professores, alunos, funcion\u00e1rios, pais e a comunidade em geral, no esfor\u00e7o da reciclagem, com a recolha de equipamentos el\u00e9tricos e pilhas usadas. No 1\u00baPer\u00edodo, foram recolhidos cerca de 590 Kg de Equipamentos El\u00e9tricos (REEE) e 4Kg de L\u00e2mpadas Assim, apelamos novamente a [&hellip;]<\/p>\n","protected":false},"author":1,"featured_media":7408,"comment_status":"closed","ping_status":"open","sticky":false,"template":"","format":"standard","meta":{"_acf_changed":false,"footnotes":"","jetpack_publicize_message":"","jetpack_publicize_feature_enabled":true,"jetpack_social_post_already_shared":true,"jetpack_social_options":{"image_generator_settings":{"template":"highway","enabled":false}}},"categories":[8],"tags":[],"jetpack_publicize_connections":[],"acf":[],"jetpack_featured_media_url":"http:\/\/www.eb23caiderei.pt\/site\/wp-content\/uploads\/2026\/01\/escolaeletraojan26_p.png","jetpack_sharing_enabled":true,"_links":{"self":[{"href":"http:\/\/www.eb23caiderei.pt\/site\/index.php?rest_route=\/wp\/v2\/posts\/7407"}],"collection":[{"href":"http:\/\/www.eb23caiderei.pt\/site\/index.php?rest_route=\/wp\/v2\/posts"}],"about":[{"href":"http:\/\/www.eb23caiderei.pt\/site\/index.php?rest_route=\/wp\/v2\/types\/post"}],"author":[{"embeddable":true,"href":"http:\/\/www.eb23caiderei.pt\/site\/index.php?rest_route=\/wp\/v2\/users\/1"}],"replies":[{"embeddable":true,"href":"http:\/\/www.eb23caiderei.pt\/site\/index.php?rest_route=%2Fwp%2Fv2%2Fcomments&post=7407"}],"version-history":[{"count":1,"href":"http:\/\/www.eb23caiderei.pt\/site\/index.php?rest_route=\/wp\/v2\/posts\/7407\/revisions"}],"predecessor-version":[{"id":7409,"href":"http:\/\/www.eb23caiderei.pt\/site\/index.php?rest_route=\/wp\/v2\/posts\/7407\/revisions\/7409"}],"wp:featuredmedia":[{"embeddable":true,"href":"http:\/\/www.eb23caiderei.pt\/site\/index.php?rest_route=\/wp\/v2\/media\/7408"}],"wp:attachment":[{"href":"http:\/\/www.eb23caiderei.pt\/site\/index.php?rest_route=%2Fwp%2Fv2%2Fmedia&parent=7407"}],"wp:term":[{"taxonomy":"category","embeddable":true,"href":"http:\/\/www.eb23caiderei.pt\/site\/index.php?rest_route=%2Fwp%2Fv2%2Fcategories&post=7407"},{"taxonomy":"post_tag","embeddable":true,"href":"http:\/\/www.eb23caiderei.pt\/site\/index.php?rest_route=%2Fwp%2Fv2%2Ftags&post=7407"}],"curies":[{"name":"wp","href":"https:\/\/api.w.org\/{rel}","templated":true}]}}