{"id":7270,"date":"2025-11-23T20:11:16","date_gmt":"2025-11-23T20:11:16","guid":{"rendered":"http:\/\/www.eb23caiderei.pt\/site\/?p=7270"},"modified":"2025-11-23T14:18:49","modified_gmt":"2025-11-23T14:18:49","slug":"encontro-diocesano-de-educadores-catolicos-2025","status":"publish","type":"post","link":"http:\/\/www.eb23caiderei.pt\/site\/?p=7270","title":{"rendered":"Encontro Diocesano de Educadores Cat\u00f3licos 2025"},"content":{"rendered":"<p style=\"text-align: justify;\">Encontro diocesano de educadores cat\u00f3licos na S\u00e9 do Porto para celebrar o ano do Jubileu. Orgulhosa por sermos a \u00fanica escola p\u00fablica presente com o seu estandarte e a ser referida na homilia.<\/p>\n<p style=\"text-align: justify;\">Somos todos peregrinos da esperan\u00e7a. Sempre convosco. Todos somos caminhantes \u00e0 procura da paz e do amor .<\/p>\n<p><img fetchpriority=\"high\" decoding=\"async\" class=\"aligncenter wp-image-7272 size-full\" src=\"http:\/\/www.eb23caiderei.pt\/site\/wp-content\/uploads\/2025\/11\/Encontrodiocesano25_2.jpeg\" alt=\"\" width=\"980\" height=\"453\" srcset=\"http:\/\/www.eb23caiderei.pt\/site\/wp-content\/uploads\/2025\/11\/Encontrodiocesano25_2.jpeg 980w, http:\/\/www.eb23caiderei.pt\/site\/wp-content\/uploads\/2025\/11\/Encontrodiocesano25_2-300x139.jpeg 300w, http:\/\/www.eb23caiderei.pt\/site\/wp-content\/uploads\/2025\/11\/Encontrodiocesano25_2-768x355.jpeg 768w, http:\/\/www.eb23caiderei.pt\/site\/wp-content\/uploads\/2025\/11\/Encontrodiocesano25_2-110x51.jpeg 110w, http:\/\/www.eb23caiderei.pt\/site\/wp-content\/uploads\/2025\/11\/Encontrodiocesano25_2-420x194.jpeg 420w, http:\/\/www.eb23caiderei.pt\/site\/wp-content\/uploads\/2025\/11\/Encontrodiocesano25_2-770x356.jpeg 770w\" sizes=\"(max-width: 980px) 100vw, 980px\" \/><\/p>\n","protected":false},"excerpt":{"rendered":"<p>Encontro diocesano de educadores cat\u00f3licos na S\u00e9 do Porto para celebrar o ano do Jubileu. Orgulhosa por sermos a \u00fanica escola p\u00fablica presente com o seu estandarte e a ser referida na homilia. Somos todos peregrinos da esperan\u00e7a. Sempre convosco. Todos somos caminhantes \u00e0 procura da paz e do amor .<\/p>\n","protected":false},"author":1,"featured_media":7271,"comment_status":"closed","ping_status":"open","sticky":false,"template":"","format":"standard","meta":{"_acf_changed":false,"footnotes":"","jetpack_publicize_message":"","jetpack_publicize_feature_enabled":true,"jetpack_social_post_already_shared":true,"jetpack_social_options":{"image_generator_settings":{"template":"highway","enabled":false}}},"categories":[8],"tags":[],"jetpack_publicize_connections":[],"acf":[],"jetpack_featured_media_url":"http:\/\/www.eb23caiderei.pt\/site\/wp-content\/uploads\/2025\/11\/Encontrodiocesano25_p.png","jetpack_sharing_enabled":true,"_links":{"self":[{"href":"http:\/\/www.eb23caiderei.pt\/site\/index.php?rest_route=\/wp\/v2\/posts\/7270"}],"collection":[{"href":"http:\/\/www.eb23caiderei.pt\/site\/index.php?rest_route=\/wp\/v2\/posts"}],"about":[{"href":"http:\/\/www.eb23caiderei.pt\/site\/index.php?rest_route=\/wp\/v2\/types\/post"}],"author":[{"embeddable":true,"href":"http:\/\/www.eb23caiderei.pt\/site\/index.php?rest_route=\/wp\/v2\/users\/1"}],"replies":[{"embeddable":true,"href":"http:\/\/www.eb23caiderei.pt\/site\/index.php?rest_route=%2Fwp%2Fv2%2Fcomments&post=7270"}],"version-history":[{"count":1,"href":"http:\/\/www.eb23caiderei.pt\/site\/index.php?rest_route=\/wp\/v2\/posts\/7270\/revisions"}],"predecessor-version":[{"id":7273,"href":"http:\/\/www.eb23caiderei.pt\/site\/index.php?rest_route=\/wp\/v2\/posts\/7270\/revisions\/7273"}],"wp:featuredmedia":[{"embeddable":true,"href":"http:\/\/www.eb23caiderei.pt\/site\/index.php?rest_route=\/wp\/v2\/media\/7271"}],"wp:attachment":[{"href":"http:\/\/www.eb23caiderei.pt\/site\/index.php?rest_route=%2Fwp%2Fv2%2Fmedia&parent=7270"}],"wp:term":[{"taxonomy":"category","embeddable":true,"href":"http:\/\/www.eb23caiderei.pt\/site\/index.php?rest_route=%2Fwp%2Fv2%2Fcategories&post=7270"},{"taxonomy":"post_tag","embeddable":true,"href":"http:\/\/www.eb23caiderei.pt\/site\/index.php?rest_route=%2Fwp%2Fv2%2Ftags&post=7270"}],"curies":[{"name":"wp","href":"https:\/\/api.w.org\/{rel}","templated":true}]}}