{"id":7255,"date":"2025-11-15T12:14:17","date_gmt":"2025-11-15T12:14:17","guid":{"rendered":"http:\/\/www.eb23caiderei.pt\/site\/?p=7255"},"modified":"2025-11-15T12:14:17","modified_gmt":"2025-11-15T12:14:17","slug":"mibe-capas-futuristas-capas-com-ia","status":"publish","type":"post","link":"http:\/\/www.eb23caiderei.pt\/site\/?p=7255","title":{"rendered":"MIBE &#8211; Capas futuristas, Capas com IA"},"content":{"rendered":"<p style=\"text-align: justify;\">Esta atividade foi desenvolvida pela Biblioteca Escolar em articula\u00e7\u00e3o com as disciplinas de Portugu\u00eas e de TIC, envolvendo todos os alunos do 7\u00ba ano. Na aula de Portugu\u00eas, os alunos imaginaram e escreveram o in\u00edcio de uma hist\u00f3ria que foi a base para, na aula de TIC, os alunos criarem imagens com IA, a partir de prompts. Cada aluno gerou 1 a 3 vers\u00f5es e escolheu a que melhor representa a sua hist\u00f3ria e que poderia ser a capa do respetivo livro.<\/p>\n<p style=\"text-align: justify;\">A Professora Bibliotec\u00e1ria fez uma apresenta\u00e7\u00e3o sobre a import\u00e2ncia da capa de um livro, mostrando exemplos de capas e como elas se relacionam com a respetiva hist\u00f3ria.<\/p>\n<p style=\"text-align: justify;\">Esta atividade contribuiu para estimular a criatividade narrativa dos alunos e explorar o papel da IA na cria\u00e7\u00e3o art\u00edstica e editorial.<\/p>\n<div class=\"jetpack-video-wrapper\"><iframe title=\"Capas com IA 7\u00ba ano\" width=\"640\" height=\"480\" src=\"https:\/\/www.youtube.com\/embed\/yYiJXjVywcQ?start=75&#038;feature=oembed\" frameborder=\"0\" allow=\"accelerometer; autoplay; clipboard-write; encrypted-media; gyroscope; picture-in-picture; web-share\" referrerpolicy=\"strict-origin-when-cross-origin\" allowfullscreen><\/iframe><\/div>\n","protected":false},"excerpt":{"rendered":"<p>Esta atividade foi desenvolvida pela Biblioteca Escolar em articula\u00e7\u00e3o com as disciplinas de Portugu\u00eas e de TIC, envolvendo todos os alunos do 7\u00ba ano. Na aula de Portugu\u00eas, os alunos imaginaram e escreveram o in\u00edcio de uma hist\u00f3ria que foi a base para, na aula de TIC, os alunos criarem imagens com IA, a partir [&hellip;]<\/p>\n","protected":false},"author":1,"featured_media":7256,"comment_status":"closed","ping_status":"open","sticky":false,"template":"","format":"standard","meta":{"_acf_changed":false,"footnotes":"","jetpack_publicize_message":"","jetpack_publicize_feature_enabled":true,"jetpack_social_post_already_shared":true,"jetpack_social_options":{"image_generator_settings":{"template":"highway","enabled":false}}},"categories":[64],"tags":[],"jetpack_publicize_connections":[],"acf":[],"jetpack_featured_media_url":"http:\/\/www.eb23caiderei.pt\/site\/wp-content\/uploads\/2025\/11\/capaslivrosIA25_p.png","jetpack_sharing_enabled":true,"_links":{"self":[{"href":"http:\/\/www.eb23caiderei.pt\/site\/index.php?rest_route=\/wp\/v2\/posts\/7255"}],"collection":[{"href":"http:\/\/www.eb23caiderei.pt\/site\/index.php?rest_route=\/wp\/v2\/posts"}],"about":[{"href":"http:\/\/www.eb23caiderei.pt\/site\/index.php?rest_route=\/wp\/v2\/types\/post"}],"author":[{"embeddable":true,"href":"http:\/\/www.eb23caiderei.pt\/site\/index.php?rest_route=\/wp\/v2\/users\/1"}],"replies":[{"embeddable":true,"href":"http:\/\/www.eb23caiderei.pt\/site\/index.php?rest_route=%2Fwp%2Fv2%2Fcomments&post=7255"}],"version-history":[{"count":1,"href":"http:\/\/www.eb23caiderei.pt\/site\/index.php?rest_route=\/wp\/v2\/posts\/7255\/revisions"}],"predecessor-version":[{"id":7257,"href":"http:\/\/www.eb23caiderei.pt\/site\/index.php?rest_route=\/wp\/v2\/posts\/7255\/revisions\/7257"}],"wp:featuredmedia":[{"embeddable":true,"href":"http:\/\/www.eb23caiderei.pt\/site\/index.php?rest_route=\/wp\/v2\/media\/7256"}],"wp:attachment":[{"href":"http:\/\/www.eb23caiderei.pt\/site\/index.php?rest_route=%2Fwp%2Fv2%2Fmedia&parent=7255"}],"wp:term":[{"taxonomy":"category","embeddable":true,"href":"http:\/\/www.eb23caiderei.pt\/site\/index.php?rest_route=%2Fwp%2Fv2%2Fcategories&post=7255"},{"taxonomy":"post_tag","embeddable":true,"href":"http:\/\/www.eb23caiderei.pt\/site\/index.php?rest_route=%2Fwp%2Fv2%2Ftags&post=7255"}],"curies":[{"name":"wp","href":"https:\/\/api.w.org\/{rel}","templated":true}]}}