{"id":7225,"date":"2025-11-14T07:18:22","date_gmt":"2025-11-14T07:18:22","guid":{"rendered":"http:\/\/www.eb23caiderei.pt\/site\/?p=7225"},"modified":"2025-11-11T15:22:12","modified_gmt":"2025-11-11T15:22:12","slug":"dia-nacional-do-terapeuta-da-fala","status":"publish","type":"post","link":"http:\/\/www.eb23caiderei.pt\/site\/?p=7225","title":{"rendered":"Dia Nacional do Terapeuta da Fala!"},"content":{"rendered":"<p style=\"text-align: justify;\">No dia 14 de novembro, celebra-se o Dia Nacional do Terapeuta da Fala!<\/p>\n<p style=\"text-align: justify;\">Esta data pretende valorizar e dar visibilidade a uma profiss\u00e3o essencial, que acompanha as pessoas ao longo de toda a vida \u2014 desde o nascimento at\u00e9 \u00e0 velhice.<\/p>\n<p style=\"text-align: justify;\">O Terapeuta da Fala \u00e9 o profissional de sa\u00fade especializado na preven\u00e7\u00e3o, avalia\u00e7\u00e3o e interven\u00e7\u00e3o nas \u00e1reas da comunica\u00e7\u00e3o, linguagem, fala, voz e degluti\u00e7\u00e3o. Trabalha para que cada pessoa possa se comunicar da melhor forma poss\u00edvel e garantir uma alimenta\u00e7\u00e3o segura e eficaz, promovendo sempre a melhoria da qualidade de vida.<\/p>\n<p style=\"text-align: justify;\">Hoje celebramos todos os Terapeutas da Fala \u2014 profissionais que, com dedica\u00e7\u00e3o e conhecimento,\u00a0d\u00e3o voz a quem mais precisa.<\/p>\n<p style=\"text-align: justify;\">Para qualquer d\u00favida ou esclarecimento procure a terapeuta da fala do Agrupamento de Escolas Lousada Este.<\/p>\n<p><img fetchpriority=\"high\" decoding=\"async\" class=\"size-full wp-image-7226 aligncenter\" src=\"http:\/\/www.eb23caiderei.pt\/site\/wp-content\/uploads\/2025\/11\/dia_terapeutafala25.png\" alt=\"\" width=\"530\" height=\"708\" srcset=\"http:\/\/www.eb23caiderei.pt\/site\/wp-content\/uploads\/2025\/11\/dia_terapeutafala25.png 530w, http:\/\/www.eb23caiderei.pt\/site\/wp-content\/uploads\/2025\/11\/dia_terapeutafala25-225x300.png 225w, http:\/\/www.eb23caiderei.pt\/site\/wp-content\/uploads\/2025\/11\/dia_terapeutafala25-82x110.png 82w, http:\/\/www.eb23caiderei.pt\/site\/wp-content\/uploads\/2025\/11\/dia_terapeutafala25-314x420.png 314w, http:\/\/www.eb23caiderei.pt\/site\/wp-content\/uploads\/2025\/11\/dia_terapeutafala25-322x430.png 322w\" sizes=\"(max-width: 530px) 100vw, 530px\" \/><\/p>\n<p>&nbsp;<\/p>\n","protected":false},"excerpt":{"rendered":"<p>No dia 14 de novembro, celebra-se o Dia Nacional do Terapeuta da Fala! Esta data pretende valorizar e dar visibilidade a uma profiss\u00e3o essencial, que acompanha as pessoas ao longo de toda a vida \u2014 desde o nascimento at\u00e9 \u00e0 velhice. O Terapeuta da Fala \u00e9 o profissional de sa\u00fade especializado na preven\u00e7\u00e3o, avalia\u00e7\u00e3o e [&hellip;]<\/p>\n","protected":false},"author":1,"featured_media":7227,"comment_status":"closed","ping_status":"open","sticky":false,"template":"","format":"standard","meta":{"_acf_changed":false,"footnotes":"","jetpack_publicize_message":"","jetpack_publicize_feature_enabled":true,"jetpack_social_post_already_shared":true,"jetpack_social_options":{"image_generator_settings":{"template":"highway","enabled":false}}},"categories":[8],"tags":[],"jetpack_publicize_connections":[],"acf":[],"jetpack_featured_media_url":"http:\/\/www.eb23caiderei.pt\/site\/wp-content\/uploads\/2025\/11\/terapiafala25_p.png","jetpack_sharing_enabled":true,"_links":{"self":[{"href":"http:\/\/www.eb23caiderei.pt\/site\/index.php?rest_route=\/wp\/v2\/posts\/7225"}],"collection":[{"href":"http:\/\/www.eb23caiderei.pt\/site\/index.php?rest_route=\/wp\/v2\/posts"}],"about":[{"href":"http:\/\/www.eb23caiderei.pt\/site\/index.php?rest_route=\/wp\/v2\/types\/post"}],"author":[{"embeddable":true,"href":"http:\/\/www.eb23caiderei.pt\/site\/index.php?rest_route=\/wp\/v2\/users\/1"}],"replies":[{"embeddable":true,"href":"http:\/\/www.eb23caiderei.pt\/site\/index.php?rest_route=%2Fwp%2Fv2%2Fcomments&post=7225"}],"version-history":[{"count":1,"href":"http:\/\/www.eb23caiderei.pt\/site\/index.php?rest_route=\/wp\/v2\/posts\/7225\/revisions"}],"predecessor-version":[{"id":7228,"href":"http:\/\/www.eb23caiderei.pt\/site\/index.php?rest_route=\/wp\/v2\/posts\/7225\/revisions\/7228"}],"wp:featuredmedia":[{"embeddable":true,"href":"http:\/\/www.eb23caiderei.pt\/site\/index.php?rest_route=\/wp\/v2\/media\/7227"}],"wp:attachment":[{"href":"http:\/\/www.eb23caiderei.pt\/site\/index.php?rest_route=%2Fwp%2Fv2%2Fmedia&parent=7225"}],"wp:term":[{"taxonomy":"category","embeddable":true,"href":"http:\/\/www.eb23caiderei.pt\/site\/index.php?rest_route=%2Fwp%2Fv2%2Fcategories&post=7225"},{"taxonomy":"post_tag","embeddable":true,"href":"http:\/\/www.eb23caiderei.pt\/site\/index.php?rest_route=%2Fwp%2Fv2%2Ftags&post=7225"}],"curies":[{"name":"wp","href":"https:\/\/api.w.org\/{rel}","templated":true}]}}