{"id":7222,"date":"2025-11-11T15:13:44","date_gmt":"2025-11-11T15:13:44","guid":{"rendered":"http:\/\/www.eb23caiderei.pt\/site\/?p=7222"},"modified":"2025-11-11T15:13:44","modified_gmt":"2025-11-11T15:13:44","slug":"agradecimento-solidariedade-com-abel-belito-2","status":"publish","type":"post","link":"http:\/\/www.eb23caiderei.pt\/site\/?p=7222","title":{"rendered":"Agradecimento \u2013 Solidariedade com Abel (Belito)"},"content":{"rendered":"<p>Agradecimento aos Encarregados de Educa\u00e7\u00e3o e alunos<\/p>\n<p>As professoras de EMRC, do Agrupamento de Escolas de Lousada Este, em Parceria com a Institui\u00e7\u00e3o GAS. Porto, agradecem a todos os Encarregados de Educa\u00e7\u00e3o a solidariedade\/ajuda enviada pelos seus educandos, para que o nosso afilhado de Mo\u00e7ambique, Abel, (chamado carinhosamente, Belito) possa continuar o seu percurso escolar.<\/p>\n<p>Obrigada e sejam felizes!<\/p>\n<p style=\"text-align: right;\">As professoras de EMRC<\/p>\n","protected":false},"excerpt":{"rendered":"<p>Agradecimento aos Encarregados de Educa\u00e7\u00e3o e alunos As professoras de EMRC, do Agrupamento de Escolas de Lousada Este, em Parceria com a Institui\u00e7\u00e3o GAS. Porto, agradecem a todos os Encarregados de Educa\u00e7\u00e3o a solidariedade\/ajuda enviada pelos seus educandos, para que o nosso afilhado de Mo\u00e7ambique, Abel, (chamado carinhosamente, Belito) possa continuar o seu percurso escolar. [&hellip;]<\/p>\n","protected":false},"author":1,"featured_media":7223,"comment_status":"closed","ping_status":"open","sticky":false,"template":"","format":"standard","meta":{"_acf_changed":false,"footnotes":"","jetpack_publicize_message":"","jetpack_publicize_feature_enabled":true,"jetpack_social_post_already_shared":true,"jetpack_social_options":{"image_generator_settings":{"template":"highway","enabled":false}}},"categories":[8],"tags":[],"jetpack_publicize_connections":[],"acf":[],"jetpack_featured_media_url":"http:\/\/www.eb23caiderei.pt\/site\/wp-content\/uploads\/2025\/11\/belito_agradecimento25_p.png","jetpack_sharing_enabled":true,"_links":{"self":[{"href":"http:\/\/www.eb23caiderei.pt\/site\/index.php?rest_route=\/wp\/v2\/posts\/7222"}],"collection":[{"href":"http:\/\/www.eb23caiderei.pt\/site\/index.php?rest_route=\/wp\/v2\/posts"}],"about":[{"href":"http:\/\/www.eb23caiderei.pt\/site\/index.php?rest_route=\/wp\/v2\/types\/post"}],"author":[{"embeddable":true,"href":"http:\/\/www.eb23caiderei.pt\/site\/index.php?rest_route=\/wp\/v2\/users\/1"}],"replies":[{"embeddable":true,"href":"http:\/\/www.eb23caiderei.pt\/site\/index.php?rest_route=%2Fwp%2Fv2%2Fcomments&post=7222"}],"version-history":[{"count":1,"href":"http:\/\/www.eb23caiderei.pt\/site\/index.php?rest_route=\/wp\/v2\/posts\/7222\/revisions"}],"predecessor-version":[{"id":7224,"href":"http:\/\/www.eb23caiderei.pt\/site\/index.php?rest_route=\/wp\/v2\/posts\/7222\/revisions\/7224"}],"wp:featuredmedia":[{"embeddable":true,"href":"http:\/\/www.eb23caiderei.pt\/site\/index.php?rest_route=\/wp\/v2\/media\/7223"}],"wp:attachment":[{"href":"http:\/\/www.eb23caiderei.pt\/site\/index.php?rest_route=%2Fwp%2Fv2%2Fmedia&parent=7222"}],"wp:term":[{"taxonomy":"category","embeddable":true,"href":"http:\/\/www.eb23caiderei.pt\/site\/index.php?rest_route=%2Fwp%2Fv2%2Fcategories&post=7222"},{"taxonomy":"post_tag","embeddable":true,"href":"http:\/\/www.eb23caiderei.pt\/site\/index.php?rest_route=%2Fwp%2Fv2%2Ftags&post=7222"}],"curies":[{"name":"wp","href":"https:\/\/api.w.org\/{rel}","templated":true}]}}