{"id":7096,"date":"2025-09-30T17:39:54","date_gmt":"2025-09-30T17:39:54","guid":{"rendered":"http:\/\/www.eb23caiderei.pt\/site\/?p=7096"},"modified":"2025-09-30T19:06:56","modified_gmt":"2025-09-30T19:06:56","slug":"o-filme-oh-man-mensao-honrosa","status":"publish","type":"post","link":"http:\/\/www.eb23caiderei.pt\/site\/?p=7096","title":{"rendered":"Cinema de Anima\u00e7\u00e3o: O filme &#8220;Oh! man&#8221; &#8211; Men\u00e7\u00e3o Honrosa"},"content":{"rendered":"<p style=\"text-align: justify;\">O filme &#8220;Oh! man&#8221;, realizado pelos alunos da turma 6\u00baD no \u00e2mbito da \u00e1rea de Cinema de Anima\u00e7\u00e3o, no ano letivo 2022\/23, foi distinguido com uma Men\u00e7\u00e3o Honrosa no XXVIII International Festival of Animated Films &#8220;Animaevka-2025&#8221; que decorreu entre 24 e 26\u00a0 setembro, em Mogilev, na Bielorr\u00fassia.<\/p>\n<p><img fetchpriority=\"high\" decoding=\"async\" class=\"aligncenter wp-image-7099 size-full\" src=\"http:\/\/www.eb23caiderei.pt\/site\/wp-content\/uploads\/2025\/09\/homan_filme_mh25.jpg\" alt=\"\" width=\"1663\" height=\"823\" srcset=\"http:\/\/www.eb23caiderei.pt\/site\/wp-content\/uploads\/2025\/09\/homan_filme_mh25.jpg 1663w, http:\/\/www.eb23caiderei.pt\/site\/wp-content\/uploads\/2025\/09\/homan_filme_mh25-300x148.jpg 300w, http:\/\/www.eb23caiderei.pt\/site\/wp-content\/uploads\/2025\/09\/homan_filme_mh25-1024x507.jpg 1024w, http:\/\/www.eb23caiderei.pt\/site\/wp-content\/uploads\/2025\/09\/homan_filme_mh25-768x380.jpg 768w, http:\/\/www.eb23caiderei.pt\/site\/wp-content\/uploads\/2025\/09\/homan_filme_mh25-1536x760.jpg 1536w, http:\/\/www.eb23caiderei.pt\/site\/wp-content\/uploads\/2025\/09\/homan_filme_mh25-110x54.jpg 110w, http:\/\/www.eb23caiderei.pt\/site\/wp-content\/uploads\/2025\/09\/homan_filme_mh25-420x208.jpg 420w, http:\/\/www.eb23caiderei.pt\/site\/wp-content\/uploads\/2025\/09\/homan_filme_mh25-770x381.jpg 770w\" sizes=\"(max-width: 1663px) 100vw, 1663px\" \/><\/p>\n","protected":false},"excerpt":{"rendered":"<p>O filme &#8220;Oh! man&#8221;, realizado pelos alunos da turma 6\u00baD no \u00e2mbito da \u00e1rea de Cinema de Anima\u00e7\u00e3o, no ano letivo 2022\/23, foi distinguido com uma Men\u00e7\u00e3o Honrosa no XXVIII International Festival of Animated Films &#8220;Animaevka-2025&#8221; que decorreu entre 24 e 26\u00a0 setembro, em Mogilev, na Bielorr\u00fassia.<\/p>\n","protected":false},"author":1,"featured_media":7100,"comment_status":"closed","ping_status":"open","sticky":false,"template":"","format":"standard","meta":{"_acf_changed":false,"footnotes":"","jetpack_publicize_message":"","jetpack_publicize_feature_enabled":true,"jetpack_social_post_already_shared":true,"jetpack_social_options":{"image_generator_settings":{"template":"highway","enabled":false}}},"categories":[64],"tags":[],"jetpack_publicize_connections":[],"acf":[],"jetpack_featured_media_url":"http:\/\/www.eb23caiderei.pt\/site\/wp-content\/uploads\/2025\/09\/homan_filme_mh25_p.png","jetpack_sharing_enabled":true,"_links":{"self":[{"href":"http:\/\/www.eb23caiderei.pt\/site\/index.php?rest_route=\/wp\/v2\/posts\/7096"}],"collection":[{"href":"http:\/\/www.eb23caiderei.pt\/site\/index.php?rest_route=\/wp\/v2\/posts"}],"about":[{"href":"http:\/\/www.eb23caiderei.pt\/site\/index.php?rest_route=\/wp\/v2\/types\/post"}],"author":[{"embeddable":true,"href":"http:\/\/www.eb23caiderei.pt\/site\/index.php?rest_route=\/wp\/v2\/users\/1"}],"replies":[{"embeddable":true,"href":"http:\/\/www.eb23caiderei.pt\/site\/index.php?rest_route=%2Fwp%2Fv2%2Fcomments&post=7096"}],"version-history":[{"count":5,"href":"http:\/\/www.eb23caiderei.pt\/site\/index.php?rest_route=\/wp\/v2\/posts\/7096\/revisions"}],"predecessor-version":[{"id":7103,"href":"http:\/\/www.eb23caiderei.pt\/site\/index.php?rest_route=\/wp\/v2\/posts\/7096\/revisions\/7103"}],"wp:featuredmedia":[{"embeddable":true,"href":"http:\/\/www.eb23caiderei.pt\/site\/index.php?rest_route=\/wp\/v2\/media\/7100"}],"wp:attachment":[{"href":"http:\/\/www.eb23caiderei.pt\/site\/index.php?rest_route=%2Fwp%2Fv2%2Fmedia&parent=7096"}],"wp:term":[{"taxonomy":"category","embeddable":true,"href":"http:\/\/www.eb23caiderei.pt\/site\/index.php?rest_route=%2Fwp%2Fv2%2Fcategories&post=7096"},{"taxonomy":"post_tag","embeddable":true,"href":"http:\/\/www.eb23caiderei.pt\/site\/index.php?rest_route=%2Fwp%2Fv2%2Ftags&post=7096"}],"curies":[{"name":"wp","href":"https:\/\/api.w.org\/{rel}","templated":true}]}}