{"id":6929,"date":"2025-07-02T18:56:10","date_gmt":"2025-07-02T18:56:10","guid":{"rendered":"http:\/\/www.eb23caiderei.pt\/site\/?p=6929"},"modified":"2025-07-02T18:57:14","modified_gmt":"2025-07-02T18:57:14","slug":"complemento-a-educacao-artistica-do-2o-ciclo-filmes-de-animacao","status":"publish","type":"post","link":"http:\/\/www.eb23caiderei.pt\/site\/?p=6929","title":{"rendered":"Complemento \u00e0 Educa\u00e7\u00e3o Art\u00edstica\u00a0do 2\u00ba ciclo &#8211; Filmes de Anima\u00e7\u00e3o"},"content":{"rendered":"<p style=\"text-align: justify;\">Nas aulas da componente curricular de\u00a0Complemento \u00e0 Educa\u00e7\u00e3o Art\u00edstica\u00a0do 2\u00ba ciclo, foram realizados os\u00a0filmes de anima\u00e7\u00e3o\u00a0e as respetivas apresenta\u00e7\u00f5es, tendo sido explorada a tem\u00e1tica das viagens camonianas, a prop\u00f3sito das comemora\u00e7\u00f5es dos 500 anos do nascimento de\u00a0Cam\u00f5es:<\/p>\n<p style=\"text-align: justify;\">OS SETE CAM\u00d5ES _ turma 5\u00baA<br \/>\n<strong>Apresenta\u00e7\u00e3o<\/strong>:<br \/>\n<a href=\"https:\/\/drive.google.com\/file\/d\/15n3JV_qTnG2l5qiT3eAJJ0DcWH8w3GFM\/view?usp=sharing\" target=\"_blank\" rel=\"noopener\">https:\/\/drive.google.com\/file\/d\/15n3JV_qTnG2l5qiT3eAJJ0DcWH8w3GFM\/view?usp=sharing<\/a><br \/>\n<strong>Filme<\/strong>:<br \/>\n<a href=\"https:\/\/drive.google.com\/file\/d\/14Qwh-ev_stvxSVt0cV3n1hfzRFblB24w\/view?usp=sharing\" target=\"_blank\" rel=\"noopener\">https:\/\/drive.google.com\/file\/d\/14Qwh-ev_stvxSVt0cV3n1hfzRFblB24w\/view?usp=sharing<\/a><\/p>\n<p style=\"text-align: justify;\">QUASE REAL\u00a0 _ turma 5\u00baB<br \/>\n<strong>Apresenta\u00e7\u00e3o<\/strong>:<br \/>\n<a href=\"https:\/\/drive.google.com\/file\/d\/1oq4zvB_8kCu1VIMq32b_Fl-BQfwod5Tg\/view?usp=sharing\" target=\"_blank\" rel=\"noopener\">https:\/\/drive.google.com\/file\/d\/1oq4zvB_8kCu1VIMq32b_Fl-BQfwod5Tg\/view?usp=sharing<\/a><br \/>\n<strong>Filme<\/strong>:<br \/>\n<a href=\"https:\/\/drive.google.com\/file\/d\/1oU2a2pH0rVK6qpe7ZkTZ5n21TRKr506-\/view?usp=sharing\" target=\"_blank\" rel=\"noopener\">https:\/\/drive.google.com\/file\/d\/1oU2a2pH0rVK6qpe7ZkTZ5n21TRKr506-\/view?usp=sharing<\/a><\/p>\n<p style=\"text-align: justify;\">SUPERCAM\u00d5ES\u00a0_ turma 5\u00baC<br \/>\n<strong>Apresenta\u00e7\u00e3o<\/strong>:<br \/>\n<a href=\"https:\/\/drive.google.com\/file\/d\/1ZU2hBTgeoOctBT2LYoNsvzTbJe4vJrSW\/view?usp=sharing\" target=\"_blank\" rel=\"noopener\">https:\/\/drive.google.com\/file\/d\/1ZU2hBTgeoOctBT2LYoNsvzTbJe4vJrSW\/view?usp=sharing<\/a><br \/>\n<strong>Filme<\/strong>:<br \/>\n<a href=\"https:\/\/drive.google.com\/file\/d\/1y7LentdA-JN_MrQ3t4xa8U8qilPXVEgN\/view?usp=sharing\" target=\"_blank\" rel=\"noopener\">https:\/\/drive.google.com\/file\/d\/1y7LentdA-JN_MrQ3t4xa8U8qilPXVEgN\/view?usp=sharing<\/a><\/p>\n","protected":false},"excerpt":{"rendered":"<p>Nas aulas da componente curricular de\u00a0Complemento \u00e0 Educa\u00e7\u00e3o Art\u00edstica\u00a0do 2\u00ba ciclo, foram realizados os\u00a0filmes de anima\u00e7\u00e3o\u00a0e as respetivas apresenta\u00e7\u00f5es, tendo sido explorada a tem\u00e1tica das viagens camonianas, a prop\u00f3sito das comemora\u00e7\u00f5es dos 500 anos do nascimento de\u00a0Cam\u00f5es: OS SETE CAM\u00d5ES _ turma 5\u00baA Apresenta\u00e7\u00e3o: https:\/\/drive.google.com\/file\/d\/15n3JV_qTnG2l5qiT3eAJJ0DcWH8w3GFM\/view?usp=sharing Filme: https:\/\/drive.google.com\/file\/d\/14Qwh-ev_stvxSVt0cV3n1hfzRFblB24w\/view?usp=sharing QUASE REAL\u00a0 _ turma 5\u00baB Apresenta\u00e7\u00e3o: https:\/\/drive.google.com\/file\/d\/1oq4zvB_8kCu1VIMq32b_Fl-BQfwod5Tg\/view?usp=sharing Filme: [&hellip;]<\/p>\n","protected":false},"author":1,"featured_media":6930,"comment_status":"closed","ping_status":"open","sticky":false,"template":"","format":"standard","meta":{"_acf_changed":false,"footnotes":"","jetpack_publicize_message":"","jetpack_publicize_feature_enabled":true,"jetpack_social_post_already_shared":true,"jetpack_social_options":{"image_generator_settings":{"template":"highway","enabled":false}}},"categories":[64],"tags":[],"jetpack_publicize_connections":[],"acf":[],"jetpack_featured_media_url":"http:\/\/www.eb23caiderei.pt\/site\/wp-content\/uploads\/2025\/07\/filmesanima_0625_5ano_p.png","jetpack_sharing_enabled":true,"_links":{"self":[{"href":"http:\/\/www.eb23caiderei.pt\/site\/index.php?rest_route=\/wp\/v2\/posts\/6929"}],"collection":[{"href":"http:\/\/www.eb23caiderei.pt\/site\/index.php?rest_route=\/wp\/v2\/posts"}],"about":[{"href":"http:\/\/www.eb23caiderei.pt\/site\/index.php?rest_route=\/wp\/v2\/types\/post"}],"author":[{"embeddable":true,"href":"http:\/\/www.eb23caiderei.pt\/site\/index.php?rest_route=\/wp\/v2\/users\/1"}],"replies":[{"embeddable":true,"href":"http:\/\/www.eb23caiderei.pt\/site\/index.php?rest_route=%2Fwp%2Fv2%2Fcomments&post=6929"}],"version-history":[{"count":2,"href":"http:\/\/www.eb23caiderei.pt\/site\/index.php?rest_route=\/wp\/v2\/posts\/6929\/revisions"}],"predecessor-version":[{"id":6932,"href":"http:\/\/www.eb23caiderei.pt\/site\/index.php?rest_route=\/wp\/v2\/posts\/6929\/revisions\/6932"}],"wp:featuredmedia":[{"embeddable":true,"href":"http:\/\/www.eb23caiderei.pt\/site\/index.php?rest_route=\/wp\/v2\/media\/6930"}],"wp:attachment":[{"href":"http:\/\/www.eb23caiderei.pt\/site\/index.php?rest_route=%2Fwp%2Fv2%2Fmedia&parent=6929"}],"wp:term":[{"taxonomy":"category","embeddable":true,"href":"http:\/\/www.eb23caiderei.pt\/site\/index.php?rest_route=%2Fwp%2Fv2%2Fcategories&post=6929"},{"taxonomy":"post_tag","embeddable":true,"href":"http:\/\/www.eb23caiderei.pt\/site\/index.php?rest_route=%2Fwp%2Fv2%2Ftags&post=6929"}],"curies":[{"name":"wp","href":"https:\/\/api.w.org\/{rel}","templated":true}]}}