{"id":6925,"date":"2025-06-27T21:59:28","date_gmt":"2025-06-27T21:59:28","guid":{"rendered":"http:\/\/www.eb23caiderei.pt\/site\/?p=6925"},"modified":"2025-06-27T14:44:55","modified_gmt":"2025-06-27T14:44:55","slug":"diagnostico-de-fluencia-leitora-atividade-nas-bibliotecas-do-aele","status":"publish","type":"post","link":"http:\/\/www.eb23caiderei.pt\/site\/?p=6925","title":{"rendered":"Diagn\u00f3stico de Flu\u00eancia Leitora &#8211; Atividade nas Bibliotecas do AELE"},"content":{"rendered":"<p style=\"text-align: justify;\">Entre 11 e 20 de junho, os alunos do 2.\u00b0 Ano do Agrupamento realizaram a prova de\u00a0Diagn\u00f3stico de flu\u00eancia leitora , proposta pelo Instituto de Avalia\u00e7\u00e3o Educativa (IAVE), em parceria com a Rede de Bibliotecas Escolares (RBE).<\/p>\n<p style=\"text-align: justify;\">Cada aluno, individualmente, e junto da professora titular, procedeu \u00e0 leitura de um texto, durante um minuto, com o objetivo de registar o n\u00famero de palavras lidas (indicador da velocidade) e o n\u00famero de erros cometidos (indicador da precis\u00e3o).<\/p>\n<p style=\"text-align: justify;\">Em simult\u00e2neo, os restantes alunos da turma participaram, nas bibliotecas escolares, em atividades de leitura orientadas pela professora bibliotec\u00e1ria e pelos professores colaboradores.<\/p>\n<p style=\"text-align: justify;\">Aproveitando as sugest\u00f5es da RBE e no \u00e2mbito das comemora\u00e7\u00f5es dos 500 anos de Cam\u00f5es, realizamos a atividade &#8220;Perdig\u00e3o perdeu a pena&#8221;.<\/p>\n<p style=\"text-align: justify;\">Os alunos relembraram \u00a0Lu\u00eds Vaz de Cam\u00f5es e ouviram recitar o poema \u201c Perdig\u00e3o perdeu a pena&#8221;. Al\u00e9m disso, tamb\u00e9m fizeram jogos e ouviram a m\u00fasica do poema cantada por K\u00e1tia Guerreiro, a fadista portuguesa. Terminamos esta atividade com muito entusiasmo e empenho, \u00a0ilustrando a m\u00e1scara do Perdig\u00e3o!<\/p>\n<p style=\"text-align: justify;\">Ficaram bem catitas e coloridas!<\/p>\n<div class=\"jetpack-video-wrapper\"><iframe title=\"DFL - Atividade nas Bibliotecas do AELE\" width=\"640\" height=\"360\" src=\"https:\/\/www.youtube.com\/embed\/0zkNkecJCvA?feature=oembed\" frameborder=\"0\" allow=\"accelerometer; autoplay; clipboard-write; encrypted-media; gyroscope; picture-in-picture; web-share\" referrerpolicy=\"strict-origin-when-cross-origin\" allowfullscreen><\/iframe><\/div>\n","protected":false},"excerpt":{"rendered":"<p>Entre 11 e 20 de junho, os alunos do 2.\u00b0 Ano do Agrupamento realizaram a prova de\u00a0Diagn\u00f3stico de flu\u00eancia leitora , proposta pelo Instituto de Avalia\u00e7\u00e3o Educativa (IAVE), em parceria com a Rede de Bibliotecas Escolares (RBE). Cada aluno, individualmente, e junto da professora titular, procedeu \u00e0 leitura de um texto, durante um minuto, com [&hellip;]<\/p>\n","protected":false},"author":1,"featured_media":6926,"comment_status":"closed","ping_status":"open","sticky":false,"template":"","format":"standard","meta":{"_acf_changed":false,"footnotes":"","jetpack_publicize_message":"","jetpack_publicize_feature_enabled":true,"jetpack_social_post_already_shared":true,"jetpack_social_options":{"image_generator_settings":{"template":"highway","enabled":false}}},"categories":[64],"tags":[],"jetpack_publicize_connections":[],"acf":[],"jetpack_featured_media_url":"http:\/\/www.eb23caiderei.pt\/site\/wp-content\/uploads\/2025\/06\/fluencialeitura25_p.png","jetpack_sharing_enabled":true,"_links":{"self":[{"href":"http:\/\/www.eb23caiderei.pt\/site\/index.php?rest_route=\/wp\/v2\/posts\/6925"}],"collection":[{"href":"http:\/\/www.eb23caiderei.pt\/site\/index.php?rest_route=\/wp\/v2\/posts"}],"about":[{"href":"http:\/\/www.eb23caiderei.pt\/site\/index.php?rest_route=\/wp\/v2\/types\/post"}],"author":[{"embeddable":true,"href":"http:\/\/www.eb23caiderei.pt\/site\/index.php?rest_route=\/wp\/v2\/users\/1"}],"replies":[{"embeddable":true,"href":"http:\/\/www.eb23caiderei.pt\/site\/index.php?rest_route=%2Fwp%2Fv2%2Fcomments&post=6925"}],"version-history":[{"count":1,"href":"http:\/\/www.eb23caiderei.pt\/site\/index.php?rest_route=\/wp\/v2\/posts\/6925\/revisions"}],"predecessor-version":[{"id":6927,"href":"http:\/\/www.eb23caiderei.pt\/site\/index.php?rest_route=\/wp\/v2\/posts\/6925\/revisions\/6927"}],"wp:featuredmedia":[{"embeddable":true,"href":"http:\/\/www.eb23caiderei.pt\/site\/index.php?rest_route=\/wp\/v2\/media\/6926"}],"wp:attachment":[{"href":"http:\/\/www.eb23caiderei.pt\/site\/index.php?rest_route=%2Fwp%2Fv2%2Fmedia&parent=6925"}],"wp:term":[{"taxonomy":"category","embeddable":true,"href":"http:\/\/www.eb23caiderei.pt\/site\/index.php?rest_route=%2Fwp%2Fv2%2Fcategories&post=6925"},{"taxonomy":"post_tag","embeddable":true,"href":"http:\/\/www.eb23caiderei.pt\/site\/index.php?rest_route=%2Fwp%2Fv2%2Ftags&post=6925"}],"curies":[{"name":"wp","href":"https:\/\/api.w.org\/{rel}","templated":true}]}}