{"id":6729,"date":"2025-05-14T15:00:35","date_gmt":"2025-05-14T15:00:35","guid":{"rendered":"http:\/\/www.eb23caiderei.pt\/site\/?p=6729"},"modified":"2025-05-14T16:42:13","modified_gmt":"2025-05-14T16:42:13","slug":"contratacao-de-escola-tecnico-especializado-psicologo","status":"publish","type":"post","link":"http:\/\/www.eb23caiderei.pt\/site\/?p=6729","title":{"rendered":"Contrata\u00e7\u00e3o de Escola &#8211; Psic\u00f3logo &#8211; Lista Graduada Final"},"content":{"rendered":"<p><em>14\/05\/2025<\/em><\/p>\n<p><strong>Lista Graduada Final\u2013 T\u00e9cnico Especializado &#8211; Psic\u00f3logo<\/strong><\/p>\n<p><img fetchpriority=\"high\" decoding=\"async\" class=\"size-full wp-image-6808 alignnone\" src=\"http:\/\/www.eb23caiderei.pt\/site\/wp-content\/uploads\/2025\/04\/listagraduadafinalpsi2025.jpg\" alt=\"\" width=\"1088\" height=\"773\" srcset=\"http:\/\/www.eb23caiderei.pt\/site\/wp-content\/uploads\/2025\/04\/listagraduadafinalpsi2025.jpg 1088w, http:\/\/www.eb23caiderei.pt\/site\/wp-content\/uploads\/2025\/04\/listagraduadafinalpsi2025-300x213.jpg 300w, http:\/\/www.eb23caiderei.pt\/site\/wp-content\/uploads\/2025\/04\/listagraduadafinalpsi2025-1024x728.jpg 1024w, http:\/\/www.eb23caiderei.pt\/site\/wp-content\/uploads\/2025\/04\/listagraduadafinalpsi2025-768x546.jpg 768w, http:\/\/www.eb23caiderei.pt\/site\/wp-content\/uploads\/2025\/04\/listagraduadafinalpsi2025-110x78.jpg 110w, http:\/\/www.eb23caiderei.pt\/site\/wp-content\/uploads\/2025\/04\/listagraduadafinalpsi2025-420x298.jpg 420w, http:\/\/www.eb23caiderei.pt\/site\/wp-content\/uploads\/2025\/04\/listagraduadafinalpsi2025-605x430.jpg 605w\" sizes=\"(max-width: 1088px) 100vw, 1088px\" \/><\/p>\n<p><em>24\/04\/2025<\/em><\/p>\n<p>Calendariza\u00e7\u00e3o das Entrevistas\u2013 T\u00e9cnico Especializado &#8211; Psic\u00f3logo<\/p>\n<p><iframe src=\"https:\/\/eb23caiderei.pt\/Docs\/Ano\/24_25\/Entrevista_psi25.pdf\" width=\"100%\" height=\"500\"><\/iframe><\/p>\n<p>23\/04\/2025<\/p>\n<p>Candidatos Admitidos \u2013 T\u00e9cnico Especializado &#8211; Psic\u00f3logo<\/p>\n<p><iframe src=\"https:\/\/eb23caiderei.pt\/Docs\/Ano\/24_25\/Contratacaopsi_25.pdf\" width=\"100%\" height=\"500\"><\/iframe><\/p>\n<p>22\/04\/2025<\/p>\n<p>Lista Ordenada \u2013 T\u00e9cnico Especializado &#8211; Psic\u00f3logo<\/p>\n<p><img decoding=\"async\" class=\"size-full wp-image-6734 alignnone\" src=\"http:\/\/www.eb23caiderei.pt\/site\/wp-content\/uploads\/2025\/04\/lista_ordenada_tec_psicologo.jpg\" alt=\"\" width=\"1211\" height=\"452\" srcset=\"http:\/\/www.eb23caiderei.pt\/site\/wp-content\/uploads\/2025\/04\/lista_ordenada_tec_psicologo.jpg 1211w, http:\/\/www.eb23caiderei.pt\/site\/wp-content\/uploads\/2025\/04\/lista_ordenada_tec_psicologo-300x112.jpg 300w, http:\/\/www.eb23caiderei.pt\/site\/wp-content\/uploads\/2025\/04\/lista_ordenada_tec_psicologo-1024x382.jpg 1024w, http:\/\/www.eb23caiderei.pt\/site\/wp-content\/uploads\/2025\/04\/lista_ordenada_tec_psicologo-768x287.jpg 768w, http:\/\/www.eb23caiderei.pt\/site\/wp-content\/uploads\/2025\/04\/lista_ordenada_tec_psicologo-110x41.jpg 110w, http:\/\/www.eb23caiderei.pt\/site\/wp-content\/uploads\/2025\/04\/lista_ordenada_tec_psicologo-420x157.jpg 420w, http:\/\/www.eb23caiderei.pt\/site\/wp-content\/uploads\/2025\/04\/lista_ordenada_tec_psicologo-770x287.jpg 770w\" sizes=\"(max-width: 1211px) 100vw, 1211px\" \/><\/p>\n<p>15\/04\/2025<\/p>\n<p>Contrata\u00e7\u00e3o de Escola \u2013 T\u00e9cnico Especializado &#8211; Psic\u00f3logo<\/p>\n<p><iframe src=\"https:\/\/eb23caiderei.pt\/Docs\/Ano\/24_25\/Cont_psi25_1.pdf\" width=\"100%\" height=\"900\"><\/iframe><\/p>\n<p>&nbsp;<\/p>\n","protected":false},"excerpt":{"rendered":"<p>14\/05\/2025 Lista Graduada Final\u2013 T\u00e9cnico Especializado &#8211; Psic\u00f3logo 24\/04\/2025 Calendariza\u00e7\u00e3o das Entrevistas\u2013 T\u00e9cnico Especializado &#8211; Psic\u00f3logo 23\/04\/2025 Candidatos Admitidos \u2013 T\u00e9cnico Especializado &#8211; Psic\u00f3logo 22\/04\/2025 Lista Ordenada \u2013 T\u00e9cnico Especializado &#8211; Psic\u00f3logo 15\/04\/2025 Contrata\u00e7\u00e3o de Escola \u2013 T\u00e9cnico Especializado &#8211; Psic\u00f3logo &nbsp;<\/p>\n","protected":false},"author":1,"featured_media":2074,"comment_status":"closed","ping_status":"open","sticky":false,"template":"","format":"standard","meta":{"_acf_changed":false,"footnotes":"","jetpack_publicize_message":"Contrata\u00e7\u00e3o de escola - T\u00e9cnico Especializado - Psic\u00f3logo","jetpack_publicize_feature_enabled":true,"jetpack_social_post_already_shared":true,"jetpack_social_options":{"image_generator_settings":{"template":"highway","enabled":false}}},"categories":[20],"tags":[],"jetpack_publicize_connections":[],"acf":[],"jetpack_featured_media_url":"http:\/\/www.eb23caiderei.pt\/site\/wp-content\/uploads\/2021\/01\/contrata_escola_p.jpg","jetpack_sharing_enabled":true,"_links":{"self":[{"href":"http:\/\/www.eb23caiderei.pt\/site\/index.php?rest_route=\/wp\/v2\/posts\/6729"}],"collection":[{"href":"http:\/\/www.eb23caiderei.pt\/site\/index.php?rest_route=\/wp\/v2\/posts"}],"about":[{"href":"http:\/\/www.eb23caiderei.pt\/site\/index.php?rest_route=\/wp\/v2\/types\/post"}],"author":[{"embeddable":true,"href":"http:\/\/www.eb23caiderei.pt\/site\/index.php?rest_route=\/wp\/v2\/users\/1"}],"replies":[{"embeddable":true,"href":"http:\/\/www.eb23caiderei.pt\/site\/index.php?rest_route=%2Fwp%2Fv2%2Fcomments&post=6729"}],"version-history":[{"count":21,"href":"http:\/\/www.eb23caiderei.pt\/site\/index.php?rest_route=\/wp\/v2\/posts\/6729\/revisions"}],"predecessor-version":[{"id":6810,"href":"http:\/\/www.eb23caiderei.pt\/site\/index.php?rest_route=\/wp\/v2\/posts\/6729\/revisions\/6810"}],"wp:featuredmedia":[{"embeddable":true,"href":"http:\/\/www.eb23caiderei.pt\/site\/index.php?rest_route=\/wp\/v2\/media\/2074"}],"wp:attachment":[{"href":"http:\/\/www.eb23caiderei.pt\/site\/index.php?rest_route=%2Fwp%2Fv2%2Fmedia&parent=6729"}],"wp:term":[{"taxonomy":"category","embeddable":true,"href":"http:\/\/www.eb23caiderei.pt\/site\/index.php?rest_route=%2Fwp%2Fv2%2Fcategories&post=6729"},{"taxonomy":"post_tag","embeddable":true,"href":"http:\/\/www.eb23caiderei.pt\/site\/index.php?rest_route=%2Fwp%2Fv2%2Ftags&post=6729"}],"curies":[{"name":"wp","href":"https:\/\/api.w.org\/{rel}","templated":true}]}}