{"id":5512,"date":"2024-05-07T17:32:55","date_gmt":"2024-05-07T17:32:55","guid":{"rendered":"http:\/\/www.eb23caiderei.pt\/site\/?p=5512"},"modified":"2024-05-07T17:33:25","modified_gmt":"2024-05-07T17:33:25","slug":"a-primavera-chegou-jardim-de-infancia-e-b-de-vilar","status":"publish","type":"post","link":"http:\/\/www.eb23caiderei.pt\/site\/?p=5512","title":{"rendered":"A primavera chegou &#8211; Jardim de inf\u00e2ncia E. B. de Vilar"},"content":{"rendered":"<p>A primavera chegou \u00e0 Escola B\u00e1sica de Vilar. Trabalho realizado pelo jardim de inf\u00e2ncia, em parceria com a Bioescola.<\/p>\n<div class=\"jetpack-video-wrapper\"><iframe title=\"EB Vilar flores24\" width=\"640\" height=\"360\" src=\"https:\/\/www.youtube.com\/embed\/Kb_1D4fWDB0?feature=oembed\" frameborder=\"0\" allow=\"accelerometer; autoplay; clipboard-write; encrypted-media; gyroscope; picture-in-picture; web-share\" referrerpolicy=\"strict-origin-when-cross-origin\" allowfullscreen><\/iframe><\/div>\n","protected":false},"excerpt":{"rendered":"<p>A primavera chegou \u00e0 Escola B\u00e1sica de Vilar. Trabalho realizado pelo jardim de inf\u00e2ncia, em parceria com a Bioescola.<\/p>\n","protected":false},"author":1,"featured_media":5513,"comment_status":"closed","ping_status":"open","sticky":false,"template":"","format":"standard","meta":{"_acf_changed":false,"footnotes":"","jetpack_publicize_message":"","jetpack_publicize_feature_enabled":true,"jetpack_social_post_already_shared":true,"jetpack_social_options":{"image_generator_settings":{"template":"highway","enabled":false}}},"categories":[64],"tags":[],"jetpack_publicize_connections":[],"acf":[],"jetpack_featured_media_url":"http:\/\/www.eb23caiderei.pt\/site\/wp-content\/uploads\/2024\/05\/primaveravilar24_p.png","jetpack_sharing_enabled":true,"_links":{"self":[{"href":"http:\/\/www.eb23caiderei.pt\/site\/index.php?rest_route=\/wp\/v2\/posts\/5512"}],"collection":[{"href":"http:\/\/www.eb23caiderei.pt\/site\/index.php?rest_route=\/wp\/v2\/posts"}],"about":[{"href":"http:\/\/www.eb23caiderei.pt\/site\/index.php?rest_route=\/wp\/v2\/types\/post"}],"author":[{"embeddable":true,"href":"http:\/\/www.eb23caiderei.pt\/site\/index.php?rest_route=\/wp\/v2\/users\/1"}],"replies":[{"embeddable":true,"href":"http:\/\/www.eb23caiderei.pt\/site\/index.php?rest_route=%2Fwp%2Fv2%2Fcomments&post=5512"}],"version-history":[{"count":2,"href":"http:\/\/www.eb23caiderei.pt\/site\/index.php?rest_route=\/wp\/v2\/posts\/5512\/revisions"}],"predecessor-version":[{"id":5515,"href":"http:\/\/www.eb23caiderei.pt\/site\/index.php?rest_route=\/wp\/v2\/posts\/5512\/revisions\/5515"}],"wp:featuredmedia":[{"embeddable":true,"href":"http:\/\/www.eb23caiderei.pt\/site\/index.php?rest_route=\/wp\/v2\/media\/5513"}],"wp:attachment":[{"href":"http:\/\/www.eb23caiderei.pt\/site\/index.php?rest_route=%2Fwp%2Fv2%2Fmedia&parent=5512"}],"wp:term":[{"taxonomy":"category","embeddable":true,"href":"http:\/\/www.eb23caiderei.pt\/site\/index.php?rest_route=%2Fwp%2Fv2%2Fcategories&post=5512"},{"taxonomy":"post_tag","embeddable":true,"href":"http:\/\/www.eb23caiderei.pt\/site\/index.php?rest_route=%2Fwp%2Fv2%2Ftags&post=5512"}],"curies":[{"name":"wp","href":"https:\/\/api.w.org\/{rel}","templated":true}]}}