{"id":5369,"date":"2024-04-24T18:24:46","date_gmt":"2024-04-24T18:24:46","guid":{"rendered":"http:\/\/www.eb23caiderei.pt\/site\/?p=5369"},"modified":"2024-04-16T15:38:01","modified_gmt":"2024-04-16T15:38:01","slug":"revolucao-dos-cravos-trabalhos-da-disciplina-de-educacao-visual-3o-ciclo","status":"publish","type":"post","link":"http:\/\/www.eb23caiderei.pt\/site\/?p=5369","title":{"rendered":"\u201cRevolu\u00e7\u00e3o dos Cravos\u201d, trabalhos da disciplina de Educa\u00e7\u00e3o Visual 3\u00ba ciclo"},"content":{"rendered":"<h3 style=\"text-align: justify;\">8.\u00baanos<\/h3>\n<p style=\"text-align: justify;\">No \u00e2mbito das comemora\u00e7\u00f5es do 50\u00ba anivers\u00e1rio da \u201cRevolu\u00e7\u00e3o dos Cravos\u201d, a disciplina de Educa\u00e7\u00e3o Visual do terceiro ciclo, com os alunos das turmas do 8.\u00ba ano de escolaridade realizaram um projeto de Comunica\u00e7\u00e3o Visual, onde criaram um SELO POSTAL comemorativo desta data. Como resultado, foi utilizada a ferramenta digital PowerPoint, onde podemos fazer uma visita virtual observando os trabalhos realizados pelos alunos ao som da can\u00e7\u00e3o (instrumental) \u201cE depois do adeus\u201d, de Paulo de Carvalho, usada como senha para se iniciar o Movimento Revolucion\u00e1rio das For\u00e7as Armadas. Tens curiosidade? Ent\u00e3o, faz connosco esta visita \u00e0 exposi\u00e7\u00e3o e traz um amigo tamb\u00e9m.<\/p>\n<h3 style=\"text-align: justify;\">9.\u00baanos<\/h3>\n<p style=\"text-align: justify;\">No \u00e2mbito das comemora\u00e7\u00f5es do 50\u00ba anivers\u00e1rio da \u201cRevolu\u00e7\u00e3o dos cravos\u201d, a disciplina de Educa\u00e7\u00e3o Visual do terceiro ciclo, a partir da interpreta\u00e7\u00e3o das duas can\u00e7\u00f5es usadas como senhas para se iniciar o Movimento Revolucion\u00e1rio das For\u00e7as Armadas, \u201cE depois do adeus\u201d, de Paulo de Carvalho e \u201cGr\u00e2ndola, Vila Morena\u201d, de Jos\u00e9 Afonso, os alunos das turmas do 9.\u00ba ano de escolaridade realizaram um projeto fotogr\u00e1fico designado \u201c50 de abril\u201d.<\/p>\n<p style=\"text-align: justify;\">Como resultado, foi utilizada a ferramenta digital PowerPoint, onde podemos fazer uma visita virtual observando os trabalhos realizados pelos alunos ao som das duas can\u00e7\u00f5es (vers\u00e3o instrumental). Tens curiosidade? Ent\u00e3o, faz connosco esta visita \u00e0 exposi\u00e7\u00e3o e traz um amigo tamb\u00e9m.<\/p>\n<p>&nbsp;<\/p>\n<div class=\"jetpack-video-wrapper\"><iframe title=\"Gr\u00e2ndola 25abril 24\" width=\"640\" height=\"480\" src=\"https:\/\/www.youtube.com\/embed\/RTWNlAcJS5g?feature=oembed\" frameborder=\"0\" allow=\"accelerometer; autoplay; clipboard-write; encrypted-media; gyroscope; picture-in-picture; web-share\" referrerpolicy=\"strict-origin-when-cross-origin\" allowfullscreen><\/iframe><\/div>\n<div class=\"jetpack-video-wrapper\"><iframe title=\"Adeus 25abril 24\" width=\"640\" height=\"480\" src=\"https:\/\/www.youtube.com\/embed\/iO0E6_6CSl8?feature=oembed\" frameborder=\"0\" allow=\"accelerometer; autoplay; clipboard-write; encrypted-media; gyroscope; picture-in-picture; web-share\" referrerpolicy=\"strict-origin-when-cross-origin\" allowfullscreen><\/iframe><\/div>\n<div class=\"jetpack-video-wrapper\"><iframe title=\"Selo  25abril 24\" width=\"640\" height=\"480\" src=\"https:\/\/www.youtube.com\/embed\/CGJZR6lNSn8?feature=oembed\" frameborder=\"0\" allow=\"accelerometer; autoplay; clipboard-write; encrypted-media; gyroscope; picture-in-picture; web-share\" referrerpolicy=\"strict-origin-when-cross-origin\" allowfullscreen><\/iframe><\/div>\n","protected":false},"excerpt":{"rendered":"<p>8.\u00baanos No \u00e2mbito das comemora\u00e7\u00f5es do 50\u00ba anivers\u00e1rio da \u201cRevolu\u00e7\u00e3o dos Cravos\u201d, a disciplina de Educa\u00e7\u00e3o Visual do terceiro ciclo, com os alunos das turmas do 8.\u00ba ano de escolaridade realizaram um projeto de Comunica\u00e7\u00e3o Visual, onde criaram um SELO POSTAL comemorativo desta data. Como resultado, foi utilizada a ferramenta digital PowerPoint, onde podemos fazer [&hellip;]<\/p>\n","protected":false},"author":1,"featured_media":5370,"comment_status":"closed","ping_status":"open","sticky":false,"template":"","format":"standard","meta":{"_acf_changed":false,"footnotes":"","jetpack_publicize_message":"","jetpack_publicize_feature_enabled":true,"jetpack_social_post_already_shared":true,"jetpack_social_options":{"image_generator_settings":{"template":"highway","enabled":false}}},"categories":[64],"tags":[],"jetpack_publicize_connections":[],"acf":[],"jetpack_featured_media_url":"http:\/\/www.eb23caiderei.pt\/site\/wp-content\/uploads\/2024\/04\/25abrilev24_p.png","jetpack_sharing_enabled":true,"_links":{"self":[{"href":"http:\/\/www.eb23caiderei.pt\/site\/index.php?rest_route=\/wp\/v2\/posts\/5369"}],"collection":[{"href":"http:\/\/www.eb23caiderei.pt\/site\/index.php?rest_route=\/wp\/v2\/posts"}],"about":[{"href":"http:\/\/www.eb23caiderei.pt\/site\/index.php?rest_route=\/wp\/v2\/types\/post"}],"author":[{"embeddable":true,"href":"http:\/\/www.eb23caiderei.pt\/site\/index.php?rest_route=\/wp\/v2\/users\/1"}],"replies":[{"embeddable":true,"href":"http:\/\/www.eb23caiderei.pt\/site\/index.php?rest_route=%2Fwp%2Fv2%2Fcomments&post=5369"}],"version-history":[{"count":1,"href":"http:\/\/www.eb23caiderei.pt\/site\/index.php?rest_route=\/wp\/v2\/posts\/5369\/revisions"}],"predecessor-version":[{"id":5371,"href":"http:\/\/www.eb23caiderei.pt\/site\/index.php?rest_route=\/wp\/v2\/posts\/5369\/revisions\/5371"}],"wp:featuredmedia":[{"embeddable":true,"href":"http:\/\/www.eb23caiderei.pt\/site\/index.php?rest_route=\/wp\/v2\/media\/5370"}],"wp:attachment":[{"href":"http:\/\/www.eb23caiderei.pt\/site\/index.php?rest_route=%2Fwp%2Fv2%2Fmedia&parent=5369"}],"wp:term":[{"taxonomy":"category","embeddable":true,"href":"http:\/\/www.eb23caiderei.pt\/site\/index.php?rest_route=%2Fwp%2Fv2%2Fcategories&post=5369"},{"taxonomy":"post_tag","embeddable":true,"href":"http:\/\/www.eb23caiderei.pt\/site\/index.php?rest_route=%2Fwp%2Fv2%2Ftags&post=5369"}],"curies":[{"name":"wp","href":"https:\/\/api.w.org\/{rel}","templated":true}]}}