{"id":5179,"date":"2024-02-28T15:27:34","date_gmt":"2024-02-28T15:27:34","guid":{"rendered":"http:\/\/www.eb23caiderei.pt\/site\/?p=5179"},"modified":"2024-02-28T15:27:57","modified_gmt":"2024-02-28T15:27:57","slug":"filme-perfeito-selecionado-para-o-sudan-international-animated-film-festival-no-sudao","status":"publish","type":"post","link":"http:\/\/www.eb23caiderei.pt\/site\/?p=5179","title":{"rendered":"Filme \u201cPERFEITO\u201d selecionado para o Sudan International Animated Film, no Sud\u00e3o."},"content":{"rendered":"<p style=\"text-align: justify;\">Os filmes criados pelos nossos alunos continuam na senda do sucesso. Desta vez foi o filme &#8220;Perfeito&#8221;, realizado pelos alunos do 5\u00baD no ano letivo 2021\/2022 no \u00e2mbito das oficinas de Cinema de Anima\u00e7\u00e3o promovidas pela Casa Museu de Vilar que foi selecionado para o Festival Internacional do Sud\u00e3o.<\/p>\n<p style=\"text-align: justify;\">Aos alunos, ao Professor Jorge Carvalho e a todos os envolvidos, os nossos parab\u00e9ns.&#8221;<\/p>\n<p>Link do Filme <a href=\"https:\/\/vimeo.com\/search?q=casa%20museu%20de%20vilar%20perfeito\" target=\"_blank\" rel=\"noopener\">Aqui<\/a>.<\/p>\n<p><img fetchpriority=\"high\" decoding=\"async\" class=\"size-full wp-image-5181 aligncenter\" src=\"http:\/\/www.eb23caiderei.pt\/site\/wp-content\/uploads\/2024\/02\/filme_perfeitoo5D.png\" alt=\"\" width=\"1040\" height=\"1200\" srcset=\"http:\/\/www.eb23caiderei.pt\/site\/wp-content\/uploads\/2024\/02\/filme_perfeitoo5D.png 1040w, http:\/\/www.eb23caiderei.pt\/site\/wp-content\/uploads\/2024\/02\/filme_perfeitoo5D-260x300.png 260w, http:\/\/www.eb23caiderei.pt\/site\/wp-content\/uploads\/2024\/02\/filme_perfeitoo5D-887x1024.png 887w, http:\/\/www.eb23caiderei.pt\/site\/wp-content\/uploads\/2024\/02\/filme_perfeitoo5D-768x886.png 768w, http:\/\/www.eb23caiderei.pt\/site\/wp-content\/uploads\/2024\/02\/filme_perfeitoo5D-95x110.png 95w, http:\/\/www.eb23caiderei.pt\/site\/wp-content\/uploads\/2024\/02\/filme_perfeitoo5D-364x420.png 364w, http:\/\/www.eb23caiderei.pt\/site\/wp-content\/uploads\/2024\/02\/filme_perfeitoo5D-373x430.png 373w\" sizes=\"(max-width: 1040px) 100vw, 1040px\" \/><\/p>\n","protected":false},"excerpt":{"rendered":"<p>Os filmes criados pelos nossos alunos continuam na senda do sucesso. Desta vez foi o filme &#8220;Perfeito&#8221;, realizado pelos alunos do 5\u00baD no ano letivo 2021\/2022 no \u00e2mbito das oficinas de Cinema de Anima\u00e7\u00e3o promovidas pela Casa Museu de Vilar que foi selecionado para o Festival Internacional do Sud\u00e3o. Aos alunos, ao Professor Jorge Carvalho [&hellip;]<\/p>\n","protected":false},"author":1,"featured_media":5180,"comment_status":"closed","ping_status":"open","sticky":false,"template":"","format":"standard","meta":{"_acf_changed":false,"footnotes":"","jetpack_publicize_message":"","jetpack_publicize_feature_enabled":true,"jetpack_social_post_already_shared":true,"jetpack_social_options":{"image_generator_settings":{"template":"highway","enabled":false}}},"categories":[64],"tags":[],"jetpack_publicize_connections":[],"acf":[],"jetpack_featured_media_url":"http:\/\/www.eb23caiderei.pt\/site\/wp-content\/uploads\/2024\/02\/filme_perfeitoo5D_p.png","jetpack_sharing_enabled":true,"_links":{"self":[{"href":"http:\/\/www.eb23caiderei.pt\/site\/index.php?rest_route=\/wp\/v2\/posts\/5179"}],"collection":[{"href":"http:\/\/www.eb23caiderei.pt\/site\/index.php?rest_route=\/wp\/v2\/posts"}],"about":[{"href":"http:\/\/www.eb23caiderei.pt\/site\/index.php?rest_route=\/wp\/v2\/types\/post"}],"author":[{"embeddable":true,"href":"http:\/\/www.eb23caiderei.pt\/site\/index.php?rest_route=\/wp\/v2\/users\/1"}],"replies":[{"embeddable":true,"href":"http:\/\/www.eb23caiderei.pt\/site\/index.php?rest_route=%2Fwp%2Fv2%2Fcomments&post=5179"}],"version-history":[{"count":4,"href":"http:\/\/www.eb23caiderei.pt\/site\/index.php?rest_route=\/wp\/v2\/posts\/5179\/revisions"}],"predecessor-version":[{"id":5217,"href":"http:\/\/www.eb23caiderei.pt\/site\/index.php?rest_route=\/wp\/v2\/posts\/5179\/revisions\/5217"}],"wp:featuredmedia":[{"embeddable":true,"href":"http:\/\/www.eb23caiderei.pt\/site\/index.php?rest_route=\/wp\/v2\/media\/5180"}],"wp:attachment":[{"href":"http:\/\/www.eb23caiderei.pt\/site\/index.php?rest_route=%2Fwp%2Fv2%2Fmedia&parent=5179"}],"wp:term":[{"taxonomy":"category","embeddable":true,"href":"http:\/\/www.eb23caiderei.pt\/site\/index.php?rest_route=%2Fwp%2Fv2%2Fcategories&post=5179"},{"taxonomy":"post_tag","embeddable":true,"href":"http:\/\/www.eb23caiderei.pt\/site\/index.php?rest_route=%2Fwp%2Fv2%2Ftags&post=5179"}],"curies":[{"name":"wp","href":"https:\/\/api.w.org\/{rel}","templated":true}]}}