{"id":5161,"date":"2024-02-21T12:39:48","date_gmt":"2024-02-21T12:39:48","guid":{"rendered":"http:\/\/www.eb23caiderei.pt\/site\/?p=5161"},"modified":"2024-02-21T18:47:19","modified_gmt":"2024-02-21T18:47:19","slug":"exposicao-do-dia-de-s-valentim-coracao-partido","status":"publish","type":"post","link":"http:\/\/www.eb23caiderei.pt\/site\/?p=5161","title":{"rendered":"Exposi\u00e7\u00e3o do dia de S. Valentim &#8220;Cora\u00e7\u00e3o Partido&#8221;"},"content":{"rendered":"<p style=\"text-align: justify;\">Para assinalar o dia de S. Valentim\/Dia dos Afetos, todos os alunos dos 2.\u00ba e 3.\u00ba ciclos foram desafiados a mostrar que \u00e9 poss\u00edvel celebrar o amor, a toler\u00e2ncia, a igualdade e o respeito usando a Matem\u00e1tica. Assim, em articula\u00e7\u00e3o com as disciplinas de ingl\u00eas, franc\u00eas, portugu\u00eas, cidadania e educa\u00e7\u00e3o visual, os alunos constru\u00edram um tangram, jogo de origem chinesa constitu\u00eddo por figuras planas que, devidamente encaixadas, formaram um \u201ccora\u00e7\u00e3o partido\u201d, nome dado \u00e0 atividade. Estes tangrans, onde a imagina\u00e7\u00e3o e a variedade de cores, dimens\u00f5es e materiais abundaram, continham frases alusivas aos valores j\u00e1 em cima referidos, dando destaque ao tema \u201cigualdade de g\u00e9nero\u201d.<\/p>\n<p style=\"text-align: justify;\">Para alegrar esse \u00a0dia, foram expostos em diversos locais da escola sede, espalhando e lembrando o amor que, tal como o tangram, tem v\u00e1rias formas e sentidos. Afinal, a matem\u00e1tica est\u00e1 mesmo em todo o lado!<\/p>\n<p><img fetchpriority=\"high\" decoding=\"async\" class=\"alignleft wp-image-5164 size-medium\" src=\"http:\/\/www.eb23caiderei.pt\/site\/wp-content\/uploads\/2024\/02\/Coracaopartido-212x300.png\" alt=\"\" width=\"212\" height=\"300\" srcset=\"http:\/\/www.eb23caiderei.pt\/site\/wp-content\/uploads\/2024\/02\/Coracaopartido-212x300.png 212w, http:\/\/www.eb23caiderei.pt\/site\/wp-content\/uploads\/2024\/02\/Coracaopartido-724x1024.png 724w, http:\/\/www.eb23caiderei.pt\/site\/wp-content\/uploads\/2024\/02\/Coracaopartido-768x1086.png 768w, http:\/\/www.eb23caiderei.pt\/site\/wp-content\/uploads\/2024\/02\/Coracaopartido-1086x1536.png 1086w, http:\/\/www.eb23caiderei.pt\/site\/wp-content\/uploads\/2024\/02\/Coracaopartido-78x110.png 78w, http:\/\/www.eb23caiderei.pt\/site\/wp-content\/uploads\/2024\/02\/Coracaopartido-297x420.png 297w, http:\/\/www.eb23caiderei.pt\/site\/wp-content\/uploads\/2024\/02\/Coracaopartido-304x430.png 304w, http:\/\/www.eb23caiderei.pt\/site\/wp-content\/uploads\/2024\/02\/Coracaopartido.png 1414w\" sizes=\"(max-width: 212px) 100vw, 212px\" \/><\/p>\n<div class=\"jetpack-video-wrapper\"><iframe title=\"coracaopartido24\" width=\"640\" height=\"360\" src=\"https:\/\/www.youtube.com\/embed\/oUTqA0yv5Uo?feature=oembed\" frameborder=\"0\" allow=\"accelerometer; autoplay; clipboard-write; encrypted-media; gyroscope; picture-in-picture; web-share\" allowfullscreen><\/iframe><\/div>\n","protected":false},"excerpt":{"rendered":"<p>Para assinalar o dia de S. Valentim\/Dia dos Afetos, todos os alunos dos 2.\u00ba e 3.\u00ba ciclos foram desafiados a mostrar que \u00e9 poss\u00edvel celebrar o amor, a toler\u00e2ncia, a igualdade e o respeito usando a Matem\u00e1tica. Assim, em articula\u00e7\u00e3o com as disciplinas de ingl\u00eas, franc\u00eas, portugu\u00eas, cidadania e educa\u00e7\u00e3o visual, os alunos constru\u00edram um [&hellip;]<\/p>\n","protected":false},"author":1,"featured_media":5162,"comment_status":"closed","ping_status":"open","sticky":false,"template":"","format":"standard","meta":{"_acf_changed":false,"footnotes":"","jetpack_publicize_message":"","jetpack_publicize_feature_enabled":true,"jetpack_social_post_already_shared":true,"jetpack_social_options":{"image_generator_settings":{"template":"highway","enabled":false}}},"categories":[64],"tags":[],"jetpack_publicize_connections":[],"acf":[],"jetpack_featured_media_url":"http:\/\/www.eb23caiderei.pt\/site\/wp-content\/uploads\/2024\/02\/coracaopartido24_p.png","jetpack_sharing_enabled":true,"_links":{"self":[{"href":"http:\/\/www.eb23caiderei.pt\/site\/index.php?rest_route=\/wp\/v2\/posts\/5161"}],"collection":[{"href":"http:\/\/www.eb23caiderei.pt\/site\/index.php?rest_route=\/wp\/v2\/posts"}],"about":[{"href":"http:\/\/www.eb23caiderei.pt\/site\/index.php?rest_route=\/wp\/v2\/types\/post"}],"author":[{"embeddable":true,"href":"http:\/\/www.eb23caiderei.pt\/site\/index.php?rest_route=\/wp\/v2\/users\/1"}],"replies":[{"embeddable":true,"href":"http:\/\/www.eb23caiderei.pt\/site\/index.php?rest_route=%2Fwp%2Fv2%2Fcomments&post=5161"}],"version-history":[{"count":4,"href":"http:\/\/www.eb23caiderei.pt\/site\/index.php?rest_route=\/wp\/v2\/posts\/5161\/revisions"}],"predecessor-version":[{"id":5167,"href":"http:\/\/www.eb23caiderei.pt\/site\/index.php?rest_route=\/wp\/v2\/posts\/5161\/revisions\/5167"}],"wp:featuredmedia":[{"embeddable":true,"href":"http:\/\/www.eb23caiderei.pt\/site\/index.php?rest_route=\/wp\/v2\/media\/5162"}],"wp:attachment":[{"href":"http:\/\/www.eb23caiderei.pt\/site\/index.php?rest_route=%2Fwp%2Fv2%2Fmedia&parent=5161"}],"wp:term":[{"taxonomy":"category","embeddable":true,"href":"http:\/\/www.eb23caiderei.pt\/site\/index.php?rest_route=%2Fwp%2Fv2%2Fcategories&post=5161"},{"taxonomy":"post_tag","embeddable":true,"href":"http:\/\/www.eb23caiderei.pt\/site\/index.php?rest_route=%2Fwp%2Fv2%2Ftags&post=5161"}],"curies":[{"name":"wp","href":"https:\/\/api.w.org\/{rel}","templated":true}]}}