{"id":5117,"date":"2024-02-09T10:20:51","date_gmt":"2024-02-09T10:20:51","guid":{"rendered":"http:\/\/www.eb23caiderei.pt\/site\/?p=5117"},"modified":"2024-02-09T10:20:51","modified_gmt":"2024-02-09T10:20:51","slug":"atividades-escola-basica-do-torno","status":"publish","type":"post","link":"http:\/\/www.eb23caiderei.pt\/site\/?p=5117","title":{"rendered":"Atividades &#8211; Escola B\u00e1sica do Torno"},"content":{"rendered":"<h3>A Falar \u00e9 que a Gente se Entende.<\/h3>\n<p>Participa\u00e7\u00e3o das crian\u00e7as do pr\u00e9 escolar, da Escola b\u00e1sica do Torno, na atividade de Declama\u00e7\u00e3o de Poesia.<\/p>\n<div class=\"jetpack-video-wrapper\"><iframe title=\"A Falar \u00e9 que a Gente se Entende torno fev24\" width=\"640\" height=\"360\" src=\"https:\/\/www.youtube.com\/embed\/ubFopCLjNZU?feature=oembed\" frameborder=\"0\" allow=\"accelerometer; autoplay; clipboard-write; encrypted-media; gyroscope; picture-in-picture; web-share\" allowfullscreen><\/iframe><\/div>\n<h3>Projeto BioCarnaval<\/h3>\n<p>No dia 7 de Fevereiro, os alunos da Escola b\u00e1sica do Torno, prepararam as m\u00e1scaras de Carnaval com a ajuda do grupo de Seniores de Aveleda, no \u00e2mbito do projeto BioCarnaval.<\/p>\n<div class=\"jetpack-video-wrapper\"><iframe title=\"M\u00e1scaras de Carnaval bioescolafev24\" width=\"640\" height=\"360\" src=\"https:\/\/www.youtube.com\/embed\/mGZ4oCY4SY4?feature=oembed\" frameborder=\"0\" allow=\"accelerometer; autoplay; clipboard-write; encrypted-media; gyroscope; picture-in-picture; web-share\" allowfullscreen><\/iframe><\/div>\n<h3>Projeto CEMA<\/h3>\n<p>No \u00e2mbito do projeto Cema, as turmas do 3 ano da E. B. do Torno realizaram a experi\u00eancia &#8221; COMO SE FORMAM OS F\u00d3SSEIS&#8221;.<\/p>\n<p><img fetchpriority=\"high\" decoding=\"async\" class=\"alignleft wp-image-5119 size-large\" src=\"http:\/\/www.eb23caiderei.pt\/site\/wp-content\/uploads\/2024\/02\/WhatsApp-Image-2024-01-24-at-14.32.54-768x1024.jpeg\" alt=\"\" width=\"640\" height=\"853\" srcset=\"http:\/\/www.eb23caiderei.pt\/site\/wp-content\/uploads\/2024\/02\/WhatsApp-Image-2024-01-24-at-14.32.54-768x1024.jpeg 768w, http:\/\/www.eb23caiderei.pt\/site\/wp-content\/uploads\/2024\/02\/WhatsApp-Image-2024-01-24-at-14.32.54-225x300.jpeg 225w, http:\/\/www.eb23caiderei.pt\/site\/wp-content\/uploads\/2024\/02\/WhatsApp-Image-2024-01-24-at-14.32.54-1152x1536.jpeg 1152w, http:\/\/www.eb23caiderei.pt\/site\/wp-content\/uploads\/2024\/02\/WhatsApp-Image-2024-01-24-at-14.32.54-83x110.jpeg 83w, http:\/\/www.eb23caiderei.pt\/site\/wp-content\/uploads\/2024\/02\/WhatsApp-Image-2024-01-24-at-14.32.54-315x420.jpeg 315w, http:\/\/www.eb23caiderei.pt\/site\/wp-content\/uploads\/2024\/02\/WhatsApp-Image-2024-01-24-at-14.32.54-323x430.jpeg 323w, http:\/\/www.eb23caiderei.pt\/site\/wp-content\/uploads\/2024\/02\/WhatsApp-Image-2024-01-24-at-14.32.54.jpeg 1536w\" sizes=\"(max-width: 640px) 100vw, 640px\" \/><\/p>\n<p>&nbsp;<\/p>\n","protected":false},"excerpt":{"rendered":"<p>A Falar \u00e9 que a Gente se Entende. Participa\u00e7\u00e3o das crian\u00e7as do pr\u00e9 escolar, da Escola b\u00e1sica do Torno, na atividade de Declama\u00e7\u00e3o de Poesia. Projeto BioCarnaval No dia 7 de Fevereiro, os alunos da Escola b\u00e1sica do Torno, prepararam as m\u00e1scaras de Carnaval com a ajuda do grupo de Seniores de Aveleda, no \u00e2mbito [&hellip;]<\/p>\n","protected":false},"author":1,"featured_media":5120,"comment_status":"closed","ping_status":"open","sticky":false,"template":"","format":"standard","meta":{"_acf_changed":false,"footnotes":"","jetpack_publicize_message":"","jetpack_publicize_feature_enabled":true,"jetpack_social_post_already_shared":true,"jetpack_social_options":{"image_generator_settings":{"template":"highway","enabled":false}}},"categories":[64],"tags":[],"jetpack_publicize_connections":[],"acf":[],"jetpack_featured_media_url":"http:\/\/www.eb23caiderei.pt\/site\/wp-content\/uploads\/2024\/02\/atividadestorno_fev24_p.jpeg","jetpack_sharing_enabled":true,"_links":{"self":[{"href":"http:\/\/www.eb23caiderei.pt\/site\/index.php?rest_route=\/wp\/v2\/posts\/5117"}],"collection":[{"href":"http:\/\/www.eb23caiderei.pt\/site\/index.php?rest_route=\/wp\/v2\/posts"}],"about":[{"href":"http:\/\/www.eb23caiderei.pt\/site\/index.php?rest_route=\/wp\/v2\/types\/post"}],"author":[{"embeddable":true,"href":"http:\/\/www.eb23caiderei.pt\/site\/index.php?rest_route=\/wp\/v2\/users\/1"}],"replies":[{"embeddable":true,"href":"http:\/\/www.eb23caiderei.pt\/site\/index.php?rest_route=%2Fwp%2Fv2%2Fcomments&post=5117"}],"version-history":[{"count":1,"href":"http:\/\/www.eb23caiderei.pt\/site\/index.php?rest_route=\/wp\/v2\/posts\/5117\/revisions"}],"predecessor-version":[{"id":5121,"href":"http:\/\/www.eb23caiderei.pt\/site\/index.php?rest_route=\/wp\/v2\/posts\/5117\/revisions\/5121"}],"wp:featuredmedia":[{"embeddable":true,"href":"http:\/\/www.eb23caiderei.pt\/site\/index.php?rest_route=\/wp\/v2\/media\/5120"}],"wp:attachment":[{"href":"http:\/\/www.eb23caiderei.pt\/site\/index.php?rest_route=%2Fwp%2Fv2%2Fmedia&parent=5117"}],"wp:term":[{"taxonomy":"category","embeddable":true,"href":"http:\/\/www.eb23caiderei.pt\/site\/index.php?rest_route=%2Fwp%2Fv2%2Fcategories&post=5117"},{"taxonomy":"post_tag","embeddable":true,"href":"http:\/\/www.eb23caiderei.pt\/site\/index.php?rest_route=%2Fwp%2Fv2%2Ftags&post=5117"}],"curies":[{"name":"wp","href":"https:\/\/api.w.org\/{rel}","templated":true}]}}