{"id":5098,"date":"2024-02-07T21:55:20","date_gmt":"2024-02-07T21:55:20","guid":{"rendered":"http:\/\/www.eb23caiderei.pt\/site\/?p=5098"},"modified":"2024-02-07T21:50:53","modified_gmt":"2024-02-07T21:50:53","slug":"dia-internacional-em-memoria-das-vitimas-do-holocausto","status":"publish","type":"post","link":"http:\/\/www.eb23caiderei.pt\/site\/?p=5098","title":{"rendered":"Dia Internacional em Mem\u00f3ria das V\u00edtimas do Holocausto"},"content":{"rendered":"<p style=\"text-align: justify;\">Para assinalar o Dia Internacional em Mem\u00f3ria das V\u00edtimas do Holocausto, est\u00e1 patente na Biblioteca da Escola Sede, uma exposi\u00e7\u00e3o de livros e materiais, bem como a exibi\u00e7\u00e3o de trabalhos desenvolvidos pelas turmas do 9\u00baano de escolaridade, alusivos ao tema.<\/p>\n<div class=\"jetpack-video-wrapper\"><iframe title=\"holocausto 24\" width=\"640\" height=\"360\" src=\"https:\/\/www.youtube.com\/embed\/FY7KJiisgsk?feature=oembed\" frameborder=\"0\" allow=\"accelerometer; autoplay; clipboard-write; encrypted-media; gyroscope; picture-in-picture; web-share\" allowfullscreen><\/iframe><\/div>\n","protected":false},"excerpt":{"rendered":"<p>Para assinalar o Dia Internacional em Mem\u00f3ria das V\u00edtimas do Holocausto, est\u00e1 patente na Biblioteca da Escola Sede, uma exposi\u00e7\u00e3o de livros e materiais, bem como a exibi\u00e7\u00e3o de trabalhos desenvolvidos pelas turmas do 9\u00baano de escolaridade, alusivos ao tema.<\/p>\n","protected":false},"author":1,"featured_media":5099,"comment_status":"closed","ping_status":"open","sticky":false,"template":"","format":"standard","meta":{"_acf_changed":false,"footnotes":"","jetpack_publicize_message":"","jetpack_publicize_feature_enabled":true,"jetpack_social_post_already_shared":true,"jetpack_social_options":{"image_generator_settings":{"template":"highway","enabled":false}}},"categories":[64],"tags":[],"jetpack_publicize_connections":[],"acf":[],"jetpack_featured_media_url":"http:\/\/www.eb23caiderei.pt\/site\/wp-content\/uploads\/2024\/02\/fotoholocausto24_p.jpg","jetpack_sharing_enabled":true,"_links":{"self":[{"href":"http:\/\/www.eb23caiderei.pt\/site\/index.php?rest_route=\/wp\/v2\/posts\/5098"}],"collection":[{"href":"http:\/\/www.eb23caiderei.pt\/site\/index.php?rest_route=\/wp\/v2\/posts"}],"about":[{"href":"http:\/\/www.eb23caiderei.pt\/site\/index.php?rest_route=\/wp\/v2\/types\/post"}],"author":[{"embeddable":true,"href":"http:\/\/www.eb23caiderei.pt\/site\/index.php?rest_route=\/wp\/v2\/users\/1"}],"replies":[{"embeddable":true,"href":"http:\/\/www.eb23caiderei.pt\/site\/index.php?rest_route=%2Fwp%2Fv2%2Fcomments&post=5098"}],"version-history":[{"count":1,"href":"http:\/\/www.eb23caiderei.pt\/site\/index.php?rest_route=\/wp\/v2\/posts\/5098\/revisions"}],"predecessor-version":[{"id":5100,"href":"http:\/\/www.eb23caiderei.pt\/site\/index.php?rest_route=\/wp\/v2\/posts\/5098\/revisions\/5100"}],"wp:featuredmedia":[{"embeddable":true,"href":"http:\/\/www.eb23caiderei.pt\/site\/index.php?rest_route=\/wp\/v2\/media\/5099"}],"wp:attachment":[{"href":"http:\/\/www.eb23caiderei.pt\/site\/index.php?rest_route=%2Fwp%2Fv2%2Fmedia&parent=5098"}],"wp:term":[{"taxonomy":"category","embeddable":true,"href":"http:\/\/www.eb23caiderei.pt\/site\/index.php?rest_route=%2Fwp%2Fv2%2Fcategories&post=5098"},{"taxonomy":"post_tag","embeddable":true,"href":"http:\/\/www.eb23caiderei.pt\/site\/index.php?rest_route=%2Fwp%2Fv2%2Ftags&post=5098"}],"curies":[{"name":"wp","href":"https:\/\/api.w.org\/{rel}","templated":true}]}}