{"id":4608,"date":"2023-08-29T17:45:20","date_gmt":"2023-08-29T17:45:20","guid":{"rendered":"https:\/\/www.eb23caiderei.pt\/site\/?p=4608"},"modified":"2023-08-30T17:46:45","modified_gmt":"2023-08-30T17:46:45","slug":"antecipacao-do-periodo-de-levantamento-dos-manuais-reutilizaveis","status":"publish","type":"post","link":"http:\/\/www.eb23caiderei.pt\/site\/?p=4608","title":{"rendered":"Antecipa\u00e7\u00e3o do per\u00edodo de levantamento dos manuais reutiliz\u00e1veis"},"content":{"rendered":"<p>Informa-se que os manuais reutiliz\u00e1veis, para o ano letivo 2023\/2024, podem ser levantados a partir de dia 29 de agosto, entre as 09h00 e as 15h00, estando o servi\u00e7o aberto na hora de almo\u00e7o.<\/p>\n","protected":false},"excerpt":{"rendered":"<p>Informa-se que os manuais reutiliz\u00e1veis, para o ano letivo 2023\/2024, podem ser levantados a partir de dia 29 de agosto, entre as 09h00 e as 15h00, estando o servi\u00e7o aberto na hora de almo\u00e7o.<\/p>\n","protected":false},"author":1,"featured_media":4609,"comment_status":"closed","ping_status":"open","sticky":false,"template":"","format":"standard","meta":{"_acf_changed":false,"footnotes":"","jetpack_publicize_message":"","jetpack_publicize_feature_enabled":true,"jetpack_social_post_already_shared":true,"jetpack_social_options":{"image_generator_settings":{"template":"highway","enabled":false}}},"categories":[8],"tags":[79],"jetpack_publicize_connections":[],"acf":[],"jetpack_featured_media_url":"http:\/\/www.eb23caiderei.pt\/site\/wp-content\/uploads\/2023\/08\/Save-The-Date-440-\u00d7-330-px.png","jetpack_sharing_enabled":true,"_links":{"self":[{"href":"http:\/\/www.eb23caiderei.pt\/site\/index.php?rest_route=\/wp\/v2\/posts\/4608"}],"collection":[{"href":"http:\/\/www.eb23caiderei.pt\/site\/index.php?rest_route=\/wp\/v2\/posts"}],"about":[{"href":"http:\/\/www.eb23caiderei.pt\/site\/index.php?rest_route=\/wp\/v2\/types\/post"}],"author":[{"embeddable":true,"href":"http:\/\/www.eb23caiderei.pt\/site\/index.php?rest_route=\/wp\/v2\/users\/1"}],"replies":[{"embeddable":true,"href":"http:\/\/www.eb23caiderei.pt\/site\/index.php?rest_route=%2Fwp%2Fv2%2Fcomments&post=4608"}],"version-history":[{"count":2,"href":"http:\/\/www.eb23caiderei.pt\/site\/index.php?rest_route=\/wp\/v2\/posts\/4608\/revisions"}],"predecessor-version":[{"id":4628,"href":"http:\/\/www.eb23caiderei.pt\/site\/index.php?rest_route=\/wp\/v2\/posts\/4608\/revisions\/4628"}],"wp:featuredmedia":[{"embeddable":true,"href":"http:\/\/www.eb23caiderei.pt\/site\/index.php?rest_route=\/wp\/v2\/media\/4609"}],"wp:attachment":[{"href":"http:\/\/www.eb23caiderei.pt\/site\/index.php?rest_route=%2Fwp%2Fv2%2Fmedia&parent=4608"}],"wp:term":[{"taxonomy":"category","embeddable":true,"href":"http:\/\/www.eb23caiderei.pt\/site\/index.php?rest_route=%2Fwp%2Fv2%2Fcategories&post=4608"},{"taxonomy":"post_tag","embeddable":true,"href":"http:\/\/www.eb23caiderei.pt\/site\/index.php?rest_route=%2Fwp%2Fv2%2Ftags&post=4608"}],"curies":[{"name":"wp","href":"https:\/\/api.w.org\/{rel}","templated":true}]}}