{"id":4602,"date":"2023-08-09T10:53:44","date_gmt":"2023-08-09T10:53:44","guid":{"rendered":"https:\/\/www.eb23caiderei.pt\/site\/?p=4602"},"modified":"2023-08-09T10:53:44","modified_gmt":"2023-08-09T10:53:44","slug":"encerramento-dos-servicos-14-a-18-de-agosto","status":"publish","type":"post","link":"http:\/\/www.eb23caiderei.pt\/site\/?p=4602","title":{"rendered":"Encerramento dos Servi\u00e7os [14 a 18 de agosto]"},"content":{"rendered":"<p>Informam-se os encarregados de educa\u00e7\u00e3o, alunos, pessoal docente e n\u00e3o docente e restante comunidade que, de acordo com as orienta\u00e7\u00f5es emanadas pelo Minist\u00e9rio da Educa\u00e7\u00e3o, <strong>os diferentes servi\u00e7os escolares deste Agrupamento de Escolas,\u00a0 estar\u00e3o encerrados na semana de 14 a 18 de agosto de 2023. <\/strong><\/p>\n<p>A partir do dia 21 de agosto voltaremos a estar \u00e0 vossa disposi\u00e7\u00e3o.<\/p>\n<p>Desejamos a todos umas boas f\u00e9rias e bom descanso.<\/p>\n<p>O Diretor,<br \/>\nAnt\u00f3nio Orlando Pereira<\/p>\n","protected":false},"excerpt":{"rendered":"<p>Informam-se os encarregados de educa\u00e7\u00e3o, alunos, pessoal docente e n\u00e3o docente e restante comunidade que, de acordo com as orienta\u00e7\u00f5es emanadas pelo Minist\u00e9rio da Educa\u00e7\u00e3o, os diferentes servi\u00e7os escolares deste Agrupamento de Escolas,\u00a0 estar\u00e3o encerrados na semana de 14 a 18 de agosto de 2023. A partir do dia 21 de agosto voltaremos a estar [&hellip;]<\/p>\n","protected":false},"author":1,"featured_media":4605,"comment_status":"closed","ping_status":"open","sticky":false,"template":"","format":"standard","meta":{"_acf_changed":false,"footnotes":"","jetpack_publicize_message":"","jetpack_publicize_feature_enabled":true,"jetpack_social_post_already_shared":true,"jetpack_social_options":{"image_generator_settings":{"template":"highway","enabled":false}}},"categories":[8],"tags":[190],"jetpack_publicize_connections":[],"acf":[],"jetpack_featured_media_url":"http:\/\/www.eb23caiderei.pt\/site\/wp-content\/uploads\/2023\/08\/Post-Instagram-Minimalista-Aviso-Horario-de-Feriado-Off-White-440-\u00d7-330-px-1.png","jetpack_sharing_enabled":true,"_links":{"self":[{"href":"http:\/\/www.eb23caiderei.pt\/site\/index.php?rest_route=\/wp\/v2\/posts\/4602"}],"collection":[{"href":"http:\/\/www.eb23caiderei.pt\/site\/index.php?rest_route=\/wp\/v2\/posts"}],"about":[{"href":"http:\/\/www.eb23caiderei.pt\/site\/index.php?rest_route=\/wp\/v2\/types\/post"}],"author":[{"embeddable":true,"href":"http:\/\/www.eb23caiderei.pt\/site\/index.php?rest_route=\/wp\/v2\/users\/1"}],"replies":[{"embeddable":true,"href":"http:\/\/www.eb23caiderei.pt\/site\/index.php?rest_route=%2Fwp%2Fv2%2Fcomments&post=4602"}],"version-history":[{"count":2,"href":"http:\/\/www.eb23caiderei.pt\/site\/index.php?rest_route=\/wp\/v2\/posts\/4602\/revisions"}],"predecessor-version":[{"id":4606,"href":"http:\/\/www.eb23caiderei.pt\/site\/index.php?rest_route=\/wp\/v2\/posts\/4602\/revisions\/4606"}],"wp:featuredmedia":[{"embeddable":true,"href":"http:\/\/www.eb23caiderei.pt\/site\/index.php?rest_route=\/wp\/v2\/media\/4605"}],"wp:attachment":[{"href":"http:\/\/www.eb23caiderei.pt\/site\/index.php?rest_route=%2Fwp%2Fv2%2Fmedia&parent=4602"}],"wp:term":[{"taxonomy":"category","embeddable":true,"href":"http:\/\/www.eb23caiderei.pt\/site\/index.php?rest_route=%2Fwp%2Fv2%2Fcategories&post=4602"},{"taxonomy":"post_tag","embeddable":true,"href":"http:\/\/www.eb23caiderei.pt\/site\/index.php?rest_route=%2Fwp%2Fv2%2Ftags&post=4602"}],"curies":[{"name":"wp","href":"https:\/\/api.w.org\/{rel}","templated":true}]}}