{"id":4519,"date":"2023-06-16T18:11:28","date_gmt":"2023-06-16T18:11:28","guid":{"rendered":"https:\/\/www.eb23caiderei.pt\/site\/?p=4519"},"modified":"2023-06-16T18:11:28","modified_gmt":"2023-06-16T18:11:28","slug":"filmes-desenvolvidos-pelos-alunos-dos-5o-e-6o-anos-complemento-a-educacao-artistica","status":"publish","type":"post","link":"http:\/\/www.eb23caiderei.pt\/site\/?p=4519","title":{"rendered":"Filmes desenvolvidos pelos alunos dos 5\u00ba e 6\u00ba anos &#8211; Complemento \u00e0 Educa\u00e7\u00e3o Art\u00edstica"},"content":{"rendered":"<p style=\"text-align: justify;\">Os filmes\/projetos que agora se apresentam s\u00e3o o resultado do trabalho desenvolvido pelos alunos dos 5\u00ba e 6\u00ba anos no \u00e2mbito da componente curricular de Complemento \u00e0 Educa\u00e7\u00e3o Art\u00edstica.<br \/>\nExplorando princ\u00edpios, t\u00e9cnicas e mecanismos\/tecnologias associados \u00e0 produ\u00e7\u00e3o de imagens animadas, os diferentes processos de trabalho em cada turma, desenvolvidos em torno da ideia de uma pequena hist\u00f3ria\/narrativa, implicaram entre outros aspectos, a elabora\u00e7\u00e3o de um storyboard, a cria\u00e7\u00e3o de personagens e cen\u00e1rios com recurso a variados materiais, a produ\u00e7\u00e3o e grava\u00e7\u00e3o de sons\/m\u00fasica e a anima\u00e7\u00e3o das imagens.<\/p>\n<div class=\"jetpack-video-wrapper\"><iframe title=\"A Flor da Vida\" width=\"640\" height=\"360\" src=\"https:\/\/www.youtube.com\/embed\/trMFw9PpU28?feature=oembed\" frameborder=\"0\" allow=\"accelerometer; autoplay; clipboard-write; encrypted-media; gyroscope; picture-in-picture; web-share\" allowfullscreen><\/iframe><\/div>\n<div class=\"jetpack-video-wrapper\"><iframe title=\"6\u00baA  Noite assombrada\" width=\"640\" height=\"360\" src=\"https:\/\/www.youtube.com\/embed\/Gg5athW12LA?feature=oembed\" frameborder=\"0\" allow=\"accelerometer; autoplay; clipboard-write; encrypted-media; gyroscope; picture-in-picture; web-share\" allowfullscreen><\/iframe><\/div>\n<div class=\"jetpack-video-wrapper\"><iframe title=\"5C 5D Experi\u00eancias de Anima\u00e7\u00e3o\" width=\"640\" height=\"360\" src=\"https:\/\/www.youtube.com\/embed\/lo4iYRithBA?feature=oembed\" frameborder=\"0\" allow=\"accelerometer; autoplay; clipboard-write; encrypted-media; gyroscope; picture-in-picture; web-share\" allowfullscreen><\/iframe><\/div>\n<div class=\"jetpack-video-wrapper\"><iframe title=\"5\u00baB  Zoo na Cabe\u00e7a\" width=\"640\" height=\"360\" src=\"https:\/\/www.youtube.com\/embed\/xTq5jnE4Kdc?feature=oembed\" frameborder=\"0\" allow=\"accelerometer; autoplay; clipboard-write; encrypted-media; gyroscope; picture-in-picture; web-share\" allowfullscreen><\/iframe><\/div>\n<div class=\"jetpack-video-wrapper\"><iframe title=\"5A Amigos Estranhos\" width=\"640\" height=\"360\" src=\"https:\/\/www.youtube.com\/embed\/RfLnxh6yzH4?feature=oembed\" frameborder=\"0\" allow=\"accelerometer; autoplay; clipboard-write; encrypted-media; gyroscope; picture-in-picture; web-share\" allowfullscreen><\/iframe><\/div>\n<div class=\"jetpack-video-wrapper\"><iframe title=\"Oh!man\" width=\"640\" height=\"360\" src=\"https:\/\/www.youtube.com\/embed\/3WIFnKdkD9M?feature=oembed\" frameborder=\"0\" allow=\"accelerometer; autoplay; clipboard-write; encrypted-media; gyroscope; picture-in-picture; web-share\" allowfullscreen><\/iframe><\/div>\n<div class=\"jetpack-video-wrapper\"><iframe title=\"Mudan\u00e7a\" width=\"640\" height=\"360\" src=\"https:\/\/www.youtube.com\/embed\/Dx-u8UnCoPA?feature=oembed\" frameborder=\"0\" allow=\"accelerometer; autoplay; clipboard-write; encrypted-media; gyroscope; picture-in-picture; web-share\" allowfullscreen><\/iframe><\/div>\n<div class=\"jetpack-video-wrapper\"><iframe title=\"6B C D E 1\u00ba per\u00edodo\" width=\"640\" height=\"360\" src=\"https:\/\/www.youtube.com\/embed\/-NWf4iyQYMc?feature=oembed\" frameborder=\"0\" allow=\"accelerometer; autoplay; clipboard-write; encrypted-media; gyroscope; picture-in-picture; web-share\" allowfullscreen><\/iframe><\/div>\n","protected":false},"excerpt":{"rendered":"<p>Os filmes\/projetos que agora se apresentam s\u00e3o o resultado do trabalho desenvolvido pelos alunos dos 5\u00ba e 6\u00ba anos no \u00e2mbito da componente curricular de Complemento \u00e0 Educa\u00e7\u00e3o Art\u00edstica. Explorando princ\u00edpios, t\u00e9cnicas e mecanismos\/tecnologias associados \u00e0 produ\u00e7\u00e3o de imagens animadas, os diferentes processos de trabalho em cada turma, desenvolvidos em torno da ideia de uma [&hellip;]<\/p>\n","protected":false},"author":1,"featured_media":4521,"comment_status":"closed","ping_status":"open","sticky":false,"template":"","format":"standard","meta":{"_acf_changed":false,"footnotes":"","jetpack_publicize_message":"","jetpack_publicize_feature_enabled":true,"jetpack_social_post_already_shared":true,"jetpack_social_options":{"image_generator_settings":{"template":"highway","enabled":false}}},"categories":[64],"tags":[],"jetpack_publicize_connections":[],"acf":[],"jetpack_featured_media_url":"http:\/\/www.eb23caiderei.pt\/site\/wp-content\/uploads\/2023\/06\/cinemaanimacao23_p.png","jetpack_sharing_enabled":true,"_links":{"self":[{"href":"http:\/\/www.eb23caiderei.pt\/site\/index.php?rest_route=\/wp\/v2\/posts\/4519"}],"collection":[{"href":"http:\/\/www.eb23caiderei.pt\/site\/index.php?rest_route=\/wp\/v2\/posts"}],"about":[{"href":"http:\/\/www.eb23caiderei.pt\/site\/index.php?rest_route=\/wp\/v2\/types\/post"}],"author":[{"embeddable":true,"href":"http:\/\/www.eb23caiderei.pt\/site\/index.php?rest_route=\/wp\/v2\/users\/1"}],"replies":[{"embeddable":true,"href":"http:\/\/www.eb23caiderei.pt\/site\/index.php?rest_route=%2Fwp%2Fv2%2Fcomments&post=4519"}],"version-history":[{"count":2,"href":"http:\/\/www.eb23caiderei.pt\/site\/index.php?rest_route=\/wp\/v2\/posts\/4519\/revisions"}],"predecessor-version":[{"id":4522,"href":"http:\/\/www.eb23caiderei.pt\/site\/index.php?rest_route=\/wp\/v2\/posts\/4519\/revisions\/4522"}],"wp:featuredmedia":[{"embeddable":true,"href":"http:\/\/www.eb23caiderei.pt\/site\/index.php?rest_route=\/wp\/v2\/media\/4521"}],"wp:attachment":[{"href":"http:\/\/www.eb23caiderei.pt\/site\/index.php?rest_route=%2Fwp%2Fv2%2Fmedia&parent=4519"}],"wp:term":[{"taxonomy":"category","embeddable":true,"href":"http:\/\/www.eb23caiderei.pt\/site\/index.php?rest_route=%2Fwp%2Fv2%2Fcategories&post=4519"},{"taxonomy":"post_tag","embeddable":true,"href":"http:\/\/www.eb23caiderei.pt\/site\/index.php?rest_route=%2Fwp%2Fv2%2Ftags&post=4519"}],"curies":[{"name":"wp","href":"https:\/\/api.w.org\/{rel}","templated":true}]}}