{"id":4517,"date":"2023-06-16T16:56:32","date_gmt":"2023-06-16T16:56:32","guid":{"rendered":"https:\/\/www.eb23caiderei.pt\/site\/?p=4517"},"modified":"2023-06-16T16:57:39","modified_gmt":"2023-06-16T16:57:39","slug":"exposicao-na-biblioteca-maquetes-sobre-a-arquitetura-militar-civil-e-religiosa","status":"publish","type":"post","link":"http:\/\/www.eb23caiderei.pt\/site\/?p=4517","title":{"rendered":"Exposi\u00e7\u00e3o na biblioteca &#8211; Maquetes sobre a arquitetura militar, civil e religiosa"},"content":{"rendered":"<p style=\"text-align: justify;\">No \u00e2mbito das atividades do PAA, os docentes do Departamento de Ci\u00eancias Sociais e Humanas propuseram aos seus alunos a elabora\u00e7\u00e3o de maquetes sobre a arquitetura militar, civil e religiosa, recorrendo a materiais usados \/reciclados. Os alunos aderiram com muito entusiasmo e com a ajuda dos familiares apresentaram imensas r\u00e9plicas de monumentos que fizeram e fazem Hist\u00f3ria:<br \/>\nPir\u00e2mides de Giz\u00e9 do Antigo Egito, edif\u00edcios das civiliza\u00e7\u00f5es greco-romanas, castelos medievais, dom\u00ednios senhoriais, pontes (ponte de Espindo) Torre de Vilar, Igrejas (Igreja de Meinedo)&#8230;<\/p>\n<blockquote>\n<p style=\"text-align: justify;\">Os alunos e os professores est\u00e3o de PARAB\u00c9NS!<\/p>\n<\/blockquote>\n<div class=\"jetpack-video-wrapper\"><iframe title=\"Exposi\u00e7\u00e3o maquetes sobre a arquitetura militar, civil e religiosa 2023\" width=\"640\" height=\"360\" src=\"https:\/\/www.youtube.com\/embed\/DDY1ka0iUXA?feature=oembed\" frameborder=\"0\" allow=\"accelerometer; autoplay; clipboard-write; encrypted-media; gyroscope; picture-in-picture; web-share\" allowfullscreen><\/iframe><\/div>\n","protected":false},"excerpt":{"rendered":"<p>No \u00e2mbito das atividades do PAA, os docentes do Departamento de Ci\u00eancias Sociais e Humanas propuseram aos seus alunos a elabora\u00e7\u00e3o de maquetes sobre a arquitetura militar, civil e religiosa, recorrendo a materiais usados \/reciclados. Os alunos aderiram com muito entusiasmo e com a ajuda dos familiares apresentaram imensas r\u00e9plicas de monumentos que fizeram e [&hellip;]<\/p>\n","protected":false},"author":1,"featured_media":4514,"comment_status":"closed","ping_status":"open","sticky":false,"template":"","format":"standard","meta":{"_acf_changed":false,"footnotes":"","jetpack_publicize_message":"","jetpack_publicize_feature_enabled":true,"jetpack_social_post_already_shared":true,"jetpack_social_options":{"image_generator_settings":{"template":"highway","enabled":false}}},"categories":[64],"tags":[],"jetpack_publicize_connections":[],"acf":[],"jetpack_featured_media_url":"http:\/\/www.eb23caiderei.pt\/site\/wp-content\/uploads\/2023\/06\/exposicao_arquiteturamilitar23_p.jpg","jetpack_sharing_enabled":true,"_links":{"self":[{"href":"http:\/\/www.eb23caiderei.pt\/site\/index.php?rest_route=\/wp\/v2\/posts\/4517"}],"collection":[{"href":"http:\/\/www.eb23caiderei.pt\/site\/index.php?rest_route=\/wp\/v2\/posts"}],"about":[{"href":"http:\/\/www.eb23caiderei.pt\/site\/index.php?rest_route=\/wp\/v2\/types\/post"}],"author":[{"embeddable":true,"href":"http:\/\/www.eb23caiderei.pt\/site\/index.php?rest_route=\/wp\/v2\/users\/1"}],"replies":[{"embeddable":true,"href":"http:\/\/www.eb23caiderei.pt\/site\/index.php?rest_route=%2Fwp%2Fv2%2Fcomments&post=4517"}],"version-history":[{"count":1,"href":"http:\/\/www.eb23caiderei.pt\/site\/index.php?rest_route=\/wp\/v2\/posts\/4517\/revisions"}],"predecessor-version":[{"id":4518,"href":"http:\/\/www.eb23caiderei.pt\/site\/index.php?rest_route=\/wp\/v2\/posts\/4517\/revisions\/4518"}],"wp:featuredmedia":[{"embeddable":true,"href":"http:\/\/www.eb23caiderei.pt\/site\/index.php?rest_route=\/wp\/v2\/media\/4514"}],"wp:attachment":[{"href":"http:\/\/www.eb23caiderei.pt\/site\/index.php?rest_route=%2Fwp%2Fv2%2Fmedia&parent=4517"}],"wp:term":[{"taxonomy":"category","embeddable":true,"href":"http:\/\/www.eb23caiderei.pt\/site\/index.php?rest_route=%2Fwp%2Fv2%2Fcategories&post=4517"},{"taxonomy":"post_tag","embeddable":true,"href":"http:\/\/www.eb23caiderei.pt\/site\/index.php?rest_route=%2Fwp%2Fv2%2Ftags&post=4517"}],"curies":[{"name":"wp","href":"https:\/\/api.w.org\/{rel}","templated":true}]}}