{"id":4494,"date":"2023-06-08T18:27:59","date_gmt":"2023-06-08T18:27:59","guid":{"rendered":"http:\/\/www.eb23caiderei.pt\/site\/?p=4494"},"modified":"2023-06-08T18:27:59","modified_gmt":"2023-06-08T18:27:59","slug":"dia-mundial-dos-oceanos-8-de-junho","status":"publish","type":"post","link":"http:\/\/www.eb23caiderei.pt\/site\/?p=4494","title":{"rendered":"Dia Mundial dos Oceanos &#8211; 8 de Junho"},"content":{"rendered":"<p style=\"text-align: justify;\">No dia 8 de junho celebra-se o\u00a0Dia Mundial dos Oceanos.\u00a0Este dia \u00e9 assinalado por muitos pa\u00edses, especialmente depois da Confer\u00eancia sobre o Ambiente e Desenvolvimento, no Rio de Janeiro em 1992 e pretende lembrar a import\u00e2ncia dos oceanos no nosso\u00a0quotidiano, enquanto \u00abpulm\u00f5es do planeta\u00bb.<\/p>\n<p style=\"text-align: justify;\">Na nossa escola assinalamos a data com a exposi\u00e7\u00e3o de trabalhos dos <strong>alunos do 9\u00ba ano<\/strong>, realizados no \u00e2mbito da disciplina de Geografia, alertando a comunidade escolar para o excesso de pl\u00e1stico e a polui\u00e7\u00e3o dos oceanos, promovendo-se uma maior sustentabilidade.<\/p>\n<p><img fetchpriority=\"high\" decoding=\"async\" class=\"alignleft size-full wp-image-4496\" src=\"http:\/\/www.eb23caiderei.pt\/site\/wp-content\/uploads\/2023\/06\/isa23_1.jpeg\" alt=\"\" width=\"800\" height=\"600\" srcset=\"http:\/\/www.eb23caiderei.pt\/site\/wp-content\/uploads\/2023\/06\/isa23_1.jpeg 800w, http:\/\/www.eb23caiderei.pt\/site\/wp-content\/uploads\/2023\/06\/isa23_1-300x225.jpeg 300w, http:\/\/www.eb23caiderei.pt\/site\/wp-content\/uploads\/2023\/06\/isa23_1-768x576.jpeg 768w, http:\/\/www.eb23caiderei.pt\/site\/wp-content\/uploads\/2023\/06\/isa23_1-110x83.jpeg 110w, http:\/\/www.eb23caiderei.pt\/site\/wp-content\/uploads\/2023\/06\/isa23_1-420x315.jpeg 420w, http:\/\/www.eb23caiderei.pt\/site\/wp-content\/uploads\/2023\/06\/isa23_1-573x430.jpeg 573w\" sizes=\"(max-width: 800px) 100vw, 800px\" \/> <img decoding=\"async\" class=\"alignleft size-full wp-image-4497\" src=\"http:\/\/www.eb23caiderei.pt\/site\/wp-content\/uploads\/2023\/06\/isa23_2.jpg\" alt=\"\" width=\"800\" height=\"600\" srcset=\"http:\/\/www.eb23caiderei.pt\/site\/wp-content\/uploads\/2023\/06\/isa23_2.jpg 800w, http:\/\/www.eb23caiderei.pt\/site\/wp-content\/uploads\/2023\/06\/isa23_2-300x225.jpg 300w, http:\/\/www.eb23caiderei.pt\/site\/wp-content\/uploads\/2023\/06\/isa23_2-768x576.jpg 768w, http:\/\/www.eb23caiderei.pt\/site\/wp-content\/uploads\/2023\/06\/isa23_2-110x83.jpg 110w, http:\/\/www.eb23caiderei.pt\/site\/wp-content\/uploads\/2023\/06\/isa23_2-420x315.jpg 420w, http:\/\/www.eb23caiderei.pt\/site\/wp-content\/uploads\/2023\/06\/isa23_2-573x430.jpg 573w\" sizes=\"(max-width: 800px) 100vw, 800px\" \/><\/p>\n","protected":false},"excerpt":{"rendered":"<p>No dia 8 de junho celebra-se o\u00a0Dia Mundial dos Oceanos.\u00a0Este dia \u00e9 assinalado por muitos pa\u00edses, especialmente depois da Confer\u00eancia sobre o Ambiente e Desenvolvimento, no Rio de Janeiro em 1992 e pretende lembrar a import\u00e2ncia dos oceanos no nosso\u00a0quotidiano, enquanto \u00abpulm\u00f5es do planeta\u00bb. Na nossa escola assinalamos a data com a exposi\u00e7\u00e3o de trabalhos [&hellip;]<\/p>\n","protected":false},"author":1,"featured_media":4495,"comment_status":"closed","ping_status":"open","sticky":false,"template":"","format":"standard","meta":{"_acf_changed":false,"footnotes":"","jetpack_publicize_message":"","jetpack_publicize_feature_enabled":true,"jetpack_social_post_already_shared":true,"jetpack_social_options":{"image_generator_settings":{"template":"highway","enabled":false}}},"categories":[64],"tags":[],"jetpack_publicize_connections":[],"acf":[],"jetpack_featured_media_url":"http:\/\/www.eb23caiderei.pt\/site\/wp-content\/uploads\/2023\/06\/diaocenanos23_p.png","jetpack_sharing_enabled":true,"_links":{"self":[{"href":"http:\/\/www.eb23caiderei.pt\/site\/index.php?rest_route=\/wp\/v2\/posts\/4494"}],"collection":[{"href":"http:\/\/www.eb23caiderei.pt\/site\/index.php?rest_route=\/wp\/v2\/posts"}],"about":[{"href":"http:\/\/www.eb23caiderei.pt\/site\/index.php?rest_route=\/wp\/v2\/types\/post"}],"author":[{"embeddable":true,"href":"http:\/\/www.eb23caiderei.pt\/site\/index.php?rest_route=\/wp\/v2\/users\/1"}],"replies":[{"embeddable":true,"href":"http:\/\/www.eb23caiderei.pt\/site\/index.php?rest_route=%2Fwp%2Fv2%2Fcomments&post=4494"}],"version-history":[{"count":1,"href":"http:\/\/www.eb23caiderei.pt\/site\/index.php?rest_route=\/wp\/v2\/posts\/4494\/revisions"}],"predecessor-version":[{"id":4498,"href":"http:\/\/www.eb23caiderei.pt\/site\/index.php?rest_route=\/wp\/v2\/posts\/4494\/revisions\/4498"}],"wp:featuredmedia":[{"embeddable":true,"href":"http:\/\/www.eb23caiderei.pt\/site\/index.php?rest_route=\/wp\/v2\/media\/4495"}],"wp:attachment":[{"href":"http:\/\/www.eb23caiderei.pt\/site\/index.php?rest_route=%2Fwp%2Fv2%2Fmedia&parent=4494"}],"wp:term":[{"taxonomy":"category","embeddable":true,"href":"http:\/\/www.eb23caiderei.pt\/site\/index.php?rest_route=%2Fwp%2Fv2%2Fcategories&post=4494"},{"taxonomy":"post_tag","embeddable":true,"href":"http:\/\/www.eb23caiderei.pt\/site\/index.php?rest_route=%2Fwp%2Fv2%2Ftags&post=4494"}],"curies":[{"name":"wp","href":"https:\/\/api.w.org\/{rel}","templated":true}]}}