{"id":4374,"date":"2023-05-03T18:10:22","date_gmt":"2023-05-03T18:10:22","guid":{"rendered":"http:\/\/www.eb23caiderei.pt\/site\/?p=4374"},"modified":"2023-05-03T18:10:22","modified_gmt":"2023-05-03T18:10:22","slug":"leituras-em-familia-no-ji-do-torno","status":"publish","type":"post","link":"http:\/\/www.eb23caiderei.pt\/site\/?p=4374","title":{"rendered":"Leituras em fam\u00edlia no JI do Torno"},"content":{"rendered":"<p style=\"text-align: justify;\">\n<p style=\"text-align: justify;\">Este projeto \u201cLeituras em vai e vem &#8211; Leituras em fam\u00edlia\u201d, apoiado pelo PNL (Plano Nacional de Leitura) pretende incentivar nas crian\u00e7as, o contacto com os livros e o envolvimento da fam\u00edlia na descoberta do prazer de LER!<\/p>\n<p style=\"text-align: justify;\">No m\u00eas de mar\u00e7o, dedicado \u00e0 LEITURA, a Biblioteca, com a colabora\u00e7\u00e3o das educadoras , convidou os pais \/encarregados de educa\u00e7\u00e3o a participarem, com os seus educandos na atividade:<\/p>\n<p style=\"text-align: center;\"><strong>\u201cAs caixas contam Contos\u201d<\/strong><\/p>\n<p style=\"text-align: justify;\">Assim, foi proposto que, a partir da leitura em fam\u00edlia, de um conto ou de uma hist\u00f3ria, usassem uma caixa de sapatos e materiais reciclados para criarem um cen\u00e1rio da hist\u00f3ria com as respetivas personagens.<\/p>\n<p style=\"text-align: justify;\">Congratulamo-nos com a grande ades\u00e3o e empenho por parte das fam\u00edlias das crian\u00e7as que, com imensa criatividade e engenho deram vida aos livros e \u00e0 leitura!<\/p>\n<p style=\"text-align: justify;\">A Professora Bibliotec\u00e1ria<\/p>\n<div class=\"jetpack-video-wrapper\"><iframe title=\"As caixas contam contos JI Torno\" width=\"640\" height=\"360\" src=\"https:\/\/www.youtube.com\/embed\/jUl70X6gyiQ?start=2&#038;feature=oembed\" frameborder=\"0\" allow=\"accelerometer; autoplay; clipboard-write; encrypted-media; gyroscope; picture-in-picture; web-share\" allowfullscreen><\/iframe><\/div>\n","protected":false},"excerpt":{"rendered":"<p>Este projeto \u201cLeituras em vai e vem &#8211; Leituras em fam\u00edlia\u201d, apoiado pelo PNL (Plano Nacional de Leitura) pretende incentivar nas crian\u00e7as, o contacto com os livros e o envolvimento da fam\u00edlia na descoberta do prazer de LER! No m\u00eas de mar\u00e7o, dedicado \u00e0 LEITURA, a Biblioteca, com a colabora\u00e7\u00e3o das educadoras , convidou os [&hellip;]<\/p>\n","protected":false},"author":1,"featured_media":4376,"comment_status":"closed","ping_status":"open","sticky":false,"template":"","format":"standard","meta":{"_acf_changed":false,"footnotes":"","jetpack_publicize_message":"","jetpack_publicize_feature_enabled":true,"jetpack_social_post_already_shared":true,"jetpack_social_options":{"image_generator_settings":{"template":"highway","enabled":false}}},"categories":[64],"tags":[],"jetpack_publicize_connections":[],"acf":[],"jetpack_featured_media_url":"http:\/\/www.eb23caiderei.pt\/site\/wp-content\/uploads\/2023\/05\/contos23t_p.png","jetpack_sharing_enabled":true,"_links":{"self":[{"href":"http:\/\/www.eb23caiderei.pt\/site\/index.php?rest_route=\/wp\/v2\/posts\/4374"}],"collection":[{"href":"http:\/\/www.eb23caiderei.pt\/site\/index.php?rest_route=\/wp\/v2\/posts"}],"about":[{"href":"http:\/\/www.eb23caiderei.pt\/site\/index.php?rest_route=\/wp\/v2\/types\/post"}],"author":[{"embeddable":true,"href":"http:\/\/www.eb23caiderei.pt\/site\/index.php?rest_route=\/wp\/v2\/users\/1"}],"replies":[{"embeddable":true,"href":"http:\/\/www.eb23caiderei.pt\/site\/index.php?rest_route=%2Fwp%2Fv2%2Fcomments&post=4374"}],"version-history":[{"count":1,"href":"http:\/\/www.eb23caiderei.pt\/site\/index.php?rest_route=\/wp\/v2\/posts\/4374\/revisions"}],"predecessor-version":[{"id":4375,"href":"http:\/\/www.eb23caiderei.pt\/site\/index.php?rest_route=\/wp\/v2\/posts\/4374\/revisions\/4375"}],"wp:featuredmedia":[{"embeddable":true,"href":"http:\/\/www.eb23caiderei.pt\/site\/index.php?rest_route=\/wp\/v2\/media\/4376"}],"wp:attachment":[{"href":"http:\/\/www.eb23caiderei.pt\/site\/index.php?rest_route=%2Fwp%2Fv2%2Fmedia&parent=4374"}],"wp:term":[{"taxonomy":"category","embeddable":true,"href":"http:\/\/www.eb23caiderei.pt\/site\/index.php?rest_route=%2Fwp%2Fv2%2Fcategories&post=4374"},{"taxonomy":"post_tag","embeddable":true,"href":"http:\/\/www.eb23caiderei.pt\/site\/index.php?rest_route=%2Fwp%2Fv2%2Ftags&post=4374"}],"curies":[{"name":"wp","href":"https:\/\/api.w.org\/{rel}","templated":true}]}}