{"id":4252,"date":"2023-04-02T21:13:42","date_gmt":"2023-04-02T21:13:42","guid":{"rendered":"http:\/\/www.eb23caiderei.pt\/site\/?p=4252"},"modified":"2023-04-03T07:35:20","modified_gmt":"2023-04-03T07:35:20","slug":"international-day-of-forests-escola-basica-de-vilar","status":"publish","type":"post","link":"http:\/\/www.eb23caiderei.pt\/site\/?p=4252","title":{"rendered":"International Day of Forests &#8211; Trabalhos de Ingl\u00eas dos 3.\u00ba  e 4.\u00ba anos"},"content":{"rendered":"<p style=\"text-align: justify;\">Trabalho realizado pelos alunos do 3.\u00ba\u00a0 e 4.\u00ba anos na disciplina de Ingl\u00eas no \u00e2mbito da atividade do Plano Anual de Atividades &#8220;International Day of Forests&#8221; realizada no dia 21 de mar\u00e7o.<\/p>\n<div class=\"jetpack-video-wrapper\"><iframe title=\"What if all trees were cut down\" width=\"640\" height=\"360\" src=\"https:\/\/www.youtube.com\/embed\/HShXMqglSNk?feature=oembed\" frameborder=\"0\" allow=\"accelerometer; autoplay; clipboard-write; encrypted-media; gyroscope; picture-in-picture; web-share\" allowfullscreen><\/iframe><\/div>\n<p>&nbsp;<\/p>\n","protected":false},"excerpt":{"rendered":"<p>Trabalho realizado pelos alunos do 3.\u00ba\u00a0 e 4.\u00ba anos na disciplina de Ingl\u00eas no \u00e2mbito da atividade do Plano Anual de Atividades &#8220;International Day of Forests&#8221; realizada no dia 21 de mar\u00e7o. &nbsp;<\/p>\n","protected":false},"author":1,"featured_media":4253,"comment_status":"closed","ping_status":"open","sticky":false,"template":"","format":"standard","meta":{"_acf_changed":false,"footnotes":"","jetpack_publicize_message":"","jetpack_publicize_feature_enabled":true,"jetpack_social_post_already_shared":true,"jetpack_social_options":{"image_generator_settings":{"template":"highway","enabled":false}}},"categories":[64],"tags":[],"jetpack_publicize_connections":[],"acf":[],"jetpack_featured_media_url":"http:\/\/www.eb23caiderei.pt\/site\/wp-content\/uploads\/2023\/04\/inglesvilar_p.jpg","jetpack_sharing_enabled":true,"_links":{"self":[{"href":"http:\/\/www.eb23caiderei.pt\/site\/index.php?rest_route=\/wp\/v2\/posts\/4252"}],"collection":[{"href":"http:\/\/www.eb23caiderei.pt\/site\/index.php?rest_route=\/wp\/v2\/posts"}],"about":[{"href":"http:\/\/www.eb23caiderei.pt\/site\/index.php?rest_route=\/wp\/v2\/types\/post"}],"author":[{"embeddable":true,"href":"http:\/\/www.eb23caiderei.pt\/site\/index.php?rest_route=\/wp\/v2\/users\/1"}],"replies":[{"embeddable":true,"href":"http:\/\/www.eb23caiderei.pt\/site\/index.php?rest_route=%2Fwp%2Fv2%2Fcomments&post=4252"}],"version-history":[{"count":3,"href":"http:\/\/www.eb23caiderei.pt\/site\/index.php?rest_route=\/wp\/v2\/posts\/4252\/revisions"}],"predecessor-version":[{"id":4256,"href":"http:\/\/www.eb23caiderei.pt\/site\/index.php?rest_route=\/wp\/v2\/posts\/4252\/revisions\/4256"}],"wp:featuredmedia":[{"embeddable":true,"href":"http:\/\/www.eb23caiderei.pt\/site\/index.php?rest_route=\/wp\/v2\/media\/4253"}],"wp:attachment":[{"href":"http:\/\/www.eb23caiderei.pt\/site\/index.php?rest_route=%2Fwp%2Fv2%2Fmedia&parent=4252"}],"wp:term":[{"taxonomy":"category","embeddable":true,"href":"http:\/\/www.eb23caiderei.pt\/site\/index.php?rest_route=%2Fwp%2Fv2%2Fcategories&post=4252"},{"taxonomy":"post_tag","embeddable":true,"href":"http:\/\/www.eb23caiderei.pt\/site\/index.php?rest_route=%2Fwp%2Fv2%2Ftags&post=4252"}],"curies":[{"name":"wp","href":"https:\/\/api.w.org\/{rel}","templated":true}]}}