{"id":4158,"date":"2023-03-13T20:32:20","date_gmt":"2023-03-13T20:32:20","guid":{"rendered":"http:\/\/www.eb23caiderei.pt\/site\/?p=4158"},"modified":"2023-03-13T16:39:56","modified_gmt":"2023-03-13T16:39:56","slug":"uma-autentica-aventura-pela-matematica","status":"publish","type":"post","link":"http:\/\/www.eb23caiderei.pt\/site\/?p=4158","title":{"rendered":"Uma aut\u00eantica \u201cAventura pela Matem\u00e1tica\u201d"},"content":{"rendered":"<p style=\"text-align: justify;\">No \u00e2mbito da disciplina de Matem\u00e1tica e do tema Isometrias e Simetrias, os alunos de todas as turmas do <strong>8\u00ba ano<\/strong> de escolaridade realizaram uma atividade que consistia em construir um caleidosc\u00f3pio e\/ou um caleidociclo. Estes podem ser vistos na<strong> Biblioteca da Escola Sede<\/strong> durante os dias <strong>14 a 21 de mar\u00e7o<\/strong>, entre outras maravilhas da Matem\u00e1tica\u2026<\/p>\n<p style=\"text-align: justify;\">Ser\u00e1 tamb\u00e9m dado a conhecer uma pequena biografia de Maurits Cornelis Escher e poder\u00e1s visualizar v\u00eddeos sobre o seu trabalho.<\/p>\n<p style=\"text-align: justify;\">Visita a Biblioteca e surpreende-te!\u2026<\/p>\n<p style=\"text-align: justify;\">Est\u00e1s curioso? Desafia-te atrav\u00e9s da realiza\u00e7\u00e3o das interessantes atividades propostas pelos alunos!&#8230;<\/p>\n<div class=\"jetpack-video-wrapper\"><iframe title=\"M. C. Escher - Metamorphose II.mp4\" width=\"640\" height=\"480\" src=\"https:\/\/www.youtube.com\/embed\/J7gT-2TJUlg?feature=oembed\" frameborder=\"0\" allow=\"accelerometer; autoplay; clipboard-write; encrypted-media; gyroscope; picture-in-picture; web-share\" allowfullscreen><\/iframe><\/div>\n<div class=\"jetpack-video-wrapper\"><iframe title=\"Desvendando a t\u00e9cnica de M.C. Escher | Walter Mattos\" width=\"640\" height=\"360\" src=\"https:\/\/www.youtube.com\/embed\/zZ2wrNdYchw?feature=oembed\" frameborder=\"0\" allow=\"accelerometer; autoplay; clipboard-write; encrypted-media; gyroscope; picture-in-picture; web-share\" allowfullscreen><\/iframe><\/div>\n","protected":false},"excerpt":{"rendered":"<p>No \u00e2mbito da disciplina de Matem\u00e1tica e do tema Isometrias e Simetrias, os alunos de todas as turmas do 8\u00ba ano de escolaridade realizaram uma atividade que consistia em construir um caleidosc\u00f3pio e\/ou um caleidociclo. Estes podem ser vistos na Biblioteca da Escola Sede durante os dias 14 a 21 de mar\u00e7o, entre outras maravilhas [&hellip;]<\/p>\n","protected":false},"author":1,"featured_media":4160,"comment_status":"closed","ping_status":"open","sticky":false,"template":"","format":"standard","meta":{"_acf_changed":false,"footnotes":"","jetpack_publicize_message":"","jetpack_publicize_feature_enabled":true,"jetpack_social_post_already_shared":true,"jetpack_social_options":{"image_generator_settings":{"template":"highway","enabled":false}}},"categories":[64],"tags":[],"jetpack_publicize_connections":[],"acf":[],"jetpack_featured_media_url":"http:\/\/www.eb23caiderei.pt\/site\/wp-content\/uploads\/2023\/03\/matematiica23_2_p.png","jetpack_sharing_enabled":true,"_links":{"self":[{"href":"http:\/\/www.eb23caiderei.pt\/site\/index.php?rest_route=\/wp\/v2\/posts\/4158"}],"collection":[{"href":"http:\/\/www.eb23caiderei.pt\/site\/index.php?rest_route=\/wp\/v2\/posts"}],"about":[{"href":"http:\/\/www.eb23caiderei.pt\/site\/index.php?rest_route=\/wp\/v2\/types\/post"}],"author":[{"embeddable":true,"href":"http:\/\/www.eb23caiderei.pt\/site\/index.php?rest_route=\/wp\/v2\/users\/1"}],"replies":[{"embeddable":true,"href":"http:\/\/www.eb23caiderei.pt\/site\/index.php?rest_route=%2Fwp%2Fv2%2Fcomments&post=4158"}],"version-history":[{"count":2,"href":"http:\/\/www.eb23caiderei.pt\/site\/index.php?rest_route=\/wp\/v2\/posts\/4158\/revisions"}],"predecessor-version":[{"id":4161,"href":"http:\/\/www.eb23caiderei.pt\/site\/index.php?rest_route=\/wp\/v2\/posts\/4158\/revisions\/4161"}],"wp:featuredmedia":[{"embeddable":true,"href":"http:\/\/www.eb23caiderei.pt\/site\/index.php?rest_route=\/wp\/v2\/media\/4160"}],"wp:attachment":[{"href":"http:\/\/www.eb23caiderei.pt\/site\/index.php?rest_route=%2Fwp%2Fv2%2Fmedia&parent=4158"}],"wp:term":[{"taxonomy":"category","embeddable":true,"href":"http:\/\/www.eb23caiderei.pt\/site\/index.php?rest_route=%2Fwp%2Fv2%2Fcategories&post=4158"},{"taxonomy":"post_tag","embeddable":true,"href":"http:\/\/www.eb23caiderei.pt\/site\/index.php?rest_route=%2Fwp%2Fv2%2Ftags&post=4158"}],"curies":[{"name":"wp","href":"https:\/\/api.w.org\/{rel}","templated":true}]}}