{"id":4119,"date":"2023-03-08T07:43:25","date_gmt":"2023-03-08T07:43:25","guid":{"rendered":"http:\/\/www.eb23caiderei.pt\/site\/?p=4119"},"modified":"2023-03-07T11:50:47","modified_gmt":"2023-03-07T11:50:47","slug":"8-de-marco-dia-internacional-da-mulher","status":"publish","type":"post","link":"http:\/\/www.eb23caiderei.pt\/site\/?p=4119","title":{"rendered":"8 de Mar\u00e7o &#8211; Dia Internacional da Mulher"},"content":{"rendered":"<p style=\"text-align: justify;\">Para comemorar o Dia Internacional da Mulher, apresenta-se o projeto de comunica\u00e7\u00e3o visual &#8220;<strong>Mulheres na Hist\u00f3ria da Arte<\/strong>&#8220;, que re\u00fane um conjunto alargado de cartazes <strong>realizados por alunos do 3\u00ba ciclo<\/strong> na disciplina de Educa\u00e7\u00e3o Visual, em articula\u00e7\u00e3o com Cidadania e Desenvolvimento e Franc\u00eas.<\/p>\n<p style=\"text-align: justify;\">\u00c9 um projeto que pretende dar a conhecer hist\u00f3rias inspiradoras de mulheres que se destacaram no mundo das artes pl\u00e1sticas.<\/p>\n<div class=\"jetpack-video-wrapper\"><iframe title=\"Dia da Mulher 2023\" width=\"640\" height=\"360\" src=\"https:\/\/www.youtube.com\/embed\/OpgxkhENtTo?feature=oembed\" frameborder=\"0\" allow=\"accelerometer; autoplay; clipboard-write; encrypted-media; gyroscope; picture-in-picture; web-share\" allowfullscreen><\/iframe><\/div>\n","protected":false},"excerpt":{"rendered":"<p>Para comemorar o Dia Internacional da Mulher, apresenta-se o projeto de comunica\u00e7\u00e3o visual &#8220;Mulheres na Hist\u00f3ria da Arte&#8220;, que re\u00fane um conjunto alargado de cartazes realizados por alunos do 3\u00ba ciclo na disciplina de Educa\u00e7\u00e3o Visual, em articula\u00e7\u00e3o com Cidadania e Desenvolvimento e Franc\u00eas. \u00c9 um projeto que pretende dar a conhecer hist\u00f3rias inspiradoras de [&hellip;]<\/p>\n","protected":false},"author":1,"featured_media":4120,"comment_status":"closed","ping_status":"open","sticky":false,"template":"","format":"standard","meta":{"_acf_changed":false,"footnotes":"","jetpack_publicize_message":"","jetpack_publicize_feature_enabled":true,"jetpack_social_post_already_shared":true,"jetpack_social_options":{"image_generator_settings":{"template":"highway","enabled":false}}},"categories":[64],"tags":[],"jetpack_publicize_connections":[],"acf":[],"jetpack_featured_media_url":"http:\/\/www.eb23caiderei.pt\/site\/wp-content\/uploads\/2023\/03\/dia_mulher23_p.png","jetpack_sharing_enabled":true,"_links":{"self":[{"href":"http:\/\/www.eb23caiderei.pt\/site\/index.php?rest_route=\/wp\/v2\/posts\/4119"}],"collection":[{"href":"http:\/\/www.eb23caiderei.pt\/site\/index.php?rest_route=\/wp\/v2\/posts"}],"about":[{"href":"http:\/\/www.eb23caiderei.pt\/site\/index.php?rest_route=\/wp\/v2\/types\/post"}],"author":[{"embeddable":true,"href":"http:\/\/www.eb23caiderei.pt\/site\/index.php?rest_route=\/wp\/v2\/users\/1"}],"replies":[{"embeddable":true,"href":"http:\/\/www.eb23caiderei.pt\/site\/index.php?rest_route=%2Fwp%2Fv2%2Fcomments&post=4119"}],"version-history":[{"count":1,"href":"http:\/\/www.eb23caiderei.pt\/site\/index.php?rest_route=\/wp\/v2\/posts\/4119\/revisions"}],"predecessor-version":[{"id":4121,"href":"http:\/\/www.eb23caiderei.pt\/site\/index.php?rest_route=\/wp\/v2\/posts\/4119\/revisions\/4121"}],"wp:featuredmedia":[{"embeddable":true,"href":"http:\/\/www.eb23caiderei.pt\/site\/index.php?rest_route=\/wp\/v2\/media\/4120"}],"wp:attachment":[{"href":"http:\/\/www.eb23caiderei.pt\/site\/index.php?rest_route=%2Fwp%2Fv2%2Fmedia&parent=4119"}],"wp:term":[{"taxonomy":"category","embeddable":true,"href":"http:\/\/www.eb23caiderei.pt\/site\/index.php?rest_route=%2Fwp%2Fv2%2Fcategories&post=4119"},{"taxonomy":"post_tag","embeddable":true,"href":"http:\/\/www.eb23caiderei.pt\/site\/index.php?rest_route=%2Fwp%2Fv2%2Ftags&post=4119"}],"curies":[{"name":"wp","href":"https:\/\/api.w.org\/{rel}","templated":true}]}}