{"id":4067,"date":"2023-02-22T21:25:21","date_gmt":"2023-02-22T21:25:21","guid":{"rendered":"http:\/\/www.eb23caiderei.pt\/site\/?p=4067"},"modified":"2023-02-22T21:25:21","modified_gmt":"2023-02-22T21:25:21","slug":"trabalhos-semana-da-internet-segura-4o-ano-e-b-torno","status":"publish","type":"post","link":"http:\/\/www.eb23caiderei.pt\/site\/?p=4067","title":{"rendered":"Trabalhos Semana da Internet Segura &#8211; 4\u00ba ano E.B. Torno"},"content":{"rendered":"<p style=\"text-align: justify;\">Os alunos do 4.\u00ba ano da Turma B, da EB do Torno realizaram alguns trabalhos (2 infogr\u00e1ficos e uma pequena apresenta\u00e7\u00e3o) sobre a semana da Internet Segura.<\/p>\n<p><iframe title=\"Semana da Internet Segura 23 - 4\u00ba ano torno\" width=\"640\" height=\"480\" src=\"https:\/\/www.youtube.com\/embed\/aq4DPzGb9s4?feature=oembed\" frameborder=\"0\" allow=\"accelerometer; autoplay; clipboard-write; encrypted-media; gyroscope; picture-in-picture; web-share\" allowfullscreen><\/iframe><\/p>\n<p><img fetchpriority=\"high\" decoding=\"async\" class=\"alignleft wp-image-4068 size-large\" src=\"http:\/\/www.eb23caiderei.pt\/site\/wp-content\/uploads\/2023\/02\/Infografico-Internet-Segura-Rodrigo-410x1024.jpg\" alt=\"\" width=\"410\" height=\"1024\" srcset=\"http:\/\/www.eb23caiderei.pt\/site\/wp-content\/uploads\/2023\/02\/Infografico-Internet-Segura-Rodrigo-410x1024.jpg 410w, http:\/\/www.eb23caiderei.pt\/site\/wp-content\/uploads\/2023\/02\/Infografico-Internet-Segura-Rodrigo-120x300.jpg 120w, http:\/\/www.eb23caiderei.pt\/site\/wp-content\/uploads\/2023\/02\/Infografico-Internet-Segura-Rodrigo-768x1920.jpg 768w, http:\/\/www.eb23caiderei.pt\/site\/wp-content\/uploads\/2023\/02\/Infografico-Internet-Segura-Rodrigo-44x110.jpg 44w, http:\/\/www.eb23caiderei.pt\/site\/wp-content\/uploads\/2023\/02\/Infografico-Internet-Segura-Rodrigo-168x420.jpg 168w, http:\/\/www.eb23caiderei.pt\/site\/wp-content\/uploads\/2023\/02\/Infografico-Internet-Segura-Rodrigo-172x430.jpg 172w, http:\/\/www.eb23caiderei.pt\/site\/wp-content\/uploads\/2023\/02\/Infografico-Internet-Segura-Rodrigo.jpg 800w\" sizes=\"(max-width: 410px) 100vw, 410px\" \/> <img decoding=\"async\" class=\"alignleft wp-image-4069 size-large\" src=\"http:\/\/www.eb23caiderei.pt\/site\/wp-content\/uploads\/2023\/02\/Infografico-Internet-Segura-Pedro-e-Yara-576x1024.jpg\" alt=\"\" width=\"576\" height=\"1024\" srcset=\"http:\/\/www.eb23caiderei.pt\/site\/wp-content\/uploads\/2023\/02\/Infografico-Internet-Segura-Pedro-e-Yara-576x1024.jpg 576w, http:\/\/www.eb23caiderei.pt\/site\/wp-content\/uploads\/2023\/02\/Infografico-Internet-Segura-Pedro-e-Yara-169x300.jpg 169w, http:\/\/www.eb23caiderei.pt\/site\/wp-content\/uploads\/2023\/02\/Infografico-Internet-Segura-Pedro-e-Yara-768x1365.jpg 768w, http:\/\/www.eb23caiderei.pt\/site\/wp-content\/uploads\/2023\/02\/Infografico-Internet-Segura-Pedro-e-Yara-864x1536.jpg 864w, http:\/\/www.eb23caiderei.pt\/site\/wp-content\/uploads\/2023\/02\/Infografico-Internet-Segura-Pedro-e-Yara-62x110.jpg 62w, http:\/\/www.eb23caiderei.pt\/site\/wp-content\/uploads\/2023\/02\/Infografico-Internet-Segura-Pedro-e-Yara-236x420.jpg 236w, http:\/\/www.eb23caiderei.pt\/site\/wp-content\/uploads\/2023\/02\/Infografico-Internet-Segura-Pedro-e-Yara-242x430.jpg 242w, http:\/\/www.eb23caiderei.pt\/site\/wp-content\/uploads\/2023\/02\/Infografico-Internet-Segura-Pedro-e-Yara.jpg 1080w\" sizes=\"(max-width: 576px) 100vw, 576px\" \/><\/p>\n","protected":false},"excerpt":{"rendered":"<p>Os alunos do 4.\u00ba ano da Turma B, da EB do Torno realizaram alguns trabalhos (2 infogr\u00e1ficos e uma pequena apresenta\u00e7\u00e3o) sobre a semana da Internet Segura.<\/p>\n","protected":false},"author":1,"featured_media":4072,"comment_status":"closed","ping_status":"open","sticky":false,"template":"","format":"standard","meta":{"_acf_changed":false,"footnotes":"","jetpack_publicize_message":"","jetpack_publicize_feature_enabled":true,"jetpack_social_post_already_shared":true,"jetpack_social_options":{"image_generator_settings":{"template":"highway","enabled":false}}},"categories":[64],"tags":[],"jetpack_publicize_connections":[],"acf":[],"jetpack_featured_media_url":"http:\/\/www.eb23caiderei.pt\/site\/wp-content\/uploads\/2023\/02\/internetsegura23_torno.png","jetpack_sharing_enabled":true,"_links":{"self":[{"href":"http:\/\/www.eb23caiderei.pt\/site\/index.php?rest_route=\/wp\/v2\/posts\/4067"}],"collection":[{"href":"http:\/\/www.eb23caiderei.pt\/site\/index.php?rest_route=\/wp\/v2\/posts"}],"about":[{"href":"http:\/\/www.eb23caiderei.pt\/site\/index.php?rest_route=\/wp\/v2\/types\/post"}],"author":[{"embeddable":true,"href":"http:\/\/www.eb23caiderei.pt\/site\/index.php?rest_route=\/wp\/v2\/users\/1"}],"replies":[{"embeddable":true,"href":"http:\/\/www.eb23caiderei.pt\/site\/index.php?rest_route=%2Fwp%2Fv2%2Fcomments&post=4067"}],"version-history":[{"count":2,"href":"http:\/\/www.eb23caiderei.pt\/site\/index.php?rest_route=\/wp\/v2\/posts\/4067\/revisions"}],"predecessor-version":[{"id":4071,"href":"http:\/\/www.eb23caiderei.pt\/site\/index.php?rest_route=\/wp\/v2\/posts\/4067\/revisions\/4071"}],"wp:featuredmedia":[{"embeddable":true,"href":"http:\/\/www.eb23caiderei.pt\/site\/index.php?rest_route=\/wp\/v2\/media\/4072"}],"wp:attachment":[{"href":"http:\/\/www.eb23caiderei.pt\/site\/index.php?rest_route=%2Fwp%2Fv2%2Fmedia&parent=4067"}],"wp:term":[{"taxonomy":"category","embeddable":true,"href":"http:\/\/www.eb23caiderei.pt\/site\/index.php?rest_route=%2Fwp%2Fv2%2Fcategories&post=4067"},{"taxonomy":"post_tag","embeddable":true,"href":"http:\/\/www.eb23caiderei.pt\/site\/index.php?rest_route=%2Fwp%2Fv2%2Ftags&post=4067"}],"curies":[{"name":"wp","href":"https:\/\/api.w.org\/{rel}","templated":true}]}}