{"id":3943,"date":"2022-12-13T12:06:04","date_gmt":"2022-12-13T12:06:04","guid":{"rendered":"http:\/\/www.eb23caiderei.pt\/site\/?p=3943"},"modified":"2022-12-13T12:06:04","modified_gmt":"2022-12-13T12:06:04","slug":"noticias-da-eb-de-vilar-do-torno-e-alentem-pre-escolar","status":"publish","type":"post","link":"http:\/\/www.eb23caiderei.pt\/site\/?p=3943","title":{"rendered":"Not\u00edcias da EB de Vilar do Torno e Alent\u00e9m &#8211; Pr\u00e9-escolar"},"content":{"rendered":"<p style=\"text-align: justify;\">\u00a0Algumas imagens que retratam, de forma singela, momentos importantes do processo educativo das nossas crian\u00e7as. O t\u00edtulo de cada pasta ser\u00e1 suficiente para legendar as imagens.<\/p>\n<blockquote><p><a href=\"https:\/\/drive.google.com\/drive\/folders\/1a_X5PcDMHJ8ZDsrNtoTCtMHEKoeWG9Yl?usp=share_link\" target=\"_blank\" rel=\"noopener\">Ver Fotos<\/a><\/p><\/blockquote>\n","protected":false},"excerpt":{"rendered":"<p>\u00a0Algumas imagens que retratam, de forma singela, momentos importantes do processo educativo das nossas crian\u00e7as. O t\u00edtulo de cada pasta ser\u00e1 suficiente para legendar as imagens. Ver Fotos<\/p>\n","protected":false},"author":1,"featured_media":3944,"comment_status":"closed","ping_status":"open","sticky":false,"template":"","format":"standard","meta":{"_acf_changed":false,"footnotes":"","jetpack_publicize_message":"","jetpack_publicize_feature_enabled":true,"jetpack_social_post_already_shared":true,"jetpack_social_options":{"image_generator_settings":{"template":"highway","enabled":false}}},"categories":[64],"tags":[],"jetpack_publicize_connections":[],"acf":[],"jetpack_featured_media_url":"http:\/\/www.eb23caiderei.pt\/site\/wp-content\/uploads\/2022\/12\/natal_meinedo1_p.jpg","jetpack_sharing_enabled":true,"_links":{"self":[{"href":"http:\/\/www.eb23caiderei.pt\/site\/index.php?rest_route=\/wp\/v2\/posts\/3943"}],"collection":[{"href":"http:\/\/www.eb23caiderei.pt\/site\/index.php?rest_route=\/wp\/v2\/posts"}],"about":[{"href":"http:\/\/www.eb23caiderei.pt\/site\/index.php?rest_route=\/wp\/v2\/types\/post"}],"author":[{"embeddable":true,"href":"http:\/\/www.eb23caiderei.pt\/site\/index.php?rest_route=\/wp\/v2\/users\/1"}],"replies":[{"embeddable":true,"href":"http:\/\/www.eb23caiderei.pt\/site\/index.php?rest_route=%2Fwp%2Fv2%2Fcomments&post=3943"}],"version-history":[{"count":1,"href":"http:\/\/www.eb23caiderei.pt\/site\/index.php?rest_route=\/wp\/v2\/posts\/3943\/revisions"}],"predecessor-version":[{"id":3945,"href":"http:\/\/www.eb23caiderei.pt\/site\/index.php?rest_route=\/wp\/v2\/posts\/3943\/revisions\/3945"}],"wp:featuredmedia":[{"embeddable":true,"href":"http:\/\/www.eb23caiderei.pt\/site\/index.php?rest_route=\/wp\/v2\/media\/3944"}],"wp:attachment":[{"href":"http:\/\/www.eb23caiderei.pt\/site\/index.php?rest_route=%2Fwp%2Fv2%2Fmedia&parent=3943"}],"wp:term":[{"taxonomy":"category","embeddable":true,"href":"http:\/\/www.eb23caiderei.pt\/site\/index.php?rest_route=%2Fwp%2Fv2%2Fcategories&post=3943"},{"taxonomy":"post_tag","embeddable":true,"href":"http:\/\/www.eb23caiderei.pt\/site\/index.php?rest_route=%2Fwp%2Fv2%2Ftags&post=3943"}],"curies":[{"name":"wp","href":"https:\/\/api.w.org\/{rel}","templated":true}]}}