{"id":3781,"date":"2022-11-19T16:52:41","date_gmt":"2022-11-19T16:52:41","guid":{"rendered":"http:\/\/www.eb23caiderei.pt\/site\/?p=3781"},"modified":"2022-11-19T16:52:41","modified_gmt":"2022-11-19T16:52:41","slug":"os-solidos-geometricos","status":"publish","type":"post","link":"http:\/\/www.eb23caiderei.pt\/site\/?p=3781","title":{"rendered":"Os S\u00f3lidos Geom\u00e9tricos"},"content":{"rendered":"<p style=\"text-align: justify;\">No \u00e2mbito da disciplina de Matem\u00e1tica, os alunos de todas as turmas do 8\u00ba ano de escolaridade realizaram com muito interesse, entusiasmo, imagina\u00e7\u00e3o e criatividade uma atividade proposta pela docente Cristina Oliveira. Esta consistia em recorrer a material reciclado ou constru\u00e7\u00e3o de v\u00e1rios s\u00f3lidos geom\u00e9tricos para elaborar um projeto \u00e0 escolha, de algo que identificassem no quotidiano. Posteriormente, deveriam tirar uma fotografia ao seu projeto e inseri-la num padlet, identificando o grupo de trabalho com o(s) respetivo(s) nome(s) (no caso de ser elaborado individualmente ou em grupo) e colocando na turma da qual fazem parte. Procederam tamb\u00e9m \u00e0 aplica\u00e7\u00e3o dos conte\u00fados abordados nas aulas atrav\u00e9s da apresenta\u00e7\u00e3o, \u00e0 turma, dos projetos onde identificaram os s\u00f3lidos geom\u00e9tricos envolvidos, dos c\u00e1lculos das \u00e1reas de superf\u00edcie total e volumes desses mesmos s\u00f3lidos.<\/p>\n<p style=\"text-align: justify;\">Por fim, em articula\u00e7\u00e3o com a Biblioteca Escolar, entre os dias <strong>21 e 24 de novembro<\/strong>, estes projetos v\u00e3o encontrar-se na Biblioteca para divulga\u00e7\u00e3o e exposi\u00e7\u00e3o. Por\u00e9m, poder\u00e1 tamb\u00e9m consultar e, caso pretenda, deixar um coment\u00e1rio a estes projetos <a href=\"https:\/\/padlet.com\/f1655\/TrabalhosTurmas8\" target=\"_blank\" rel=\"noopener\">aqui<\/a>.<\/p>\n<p style=\"text-align: justify;\">Esta exposi\u00e7\u00e3o ser\u00e1 mencionada igualmente no Blogue da Biblioteca Escolar.<\/p>\n<p style=\"text-align: justify;\">Gostaria ainda de dar uma palavra de agradecimento \u00e0s professoras da Biblioteca e professores de TIC, alunos, assistentes operacionais que colaboraram na atividade ajudando, de alguma forma, na concretiza\u00e7\u00e3o da mesma.<\/p>\n","protected":false},"excerpt":{"rendered":"<p>No \u00e2mbito da disciplina de Matem\u00e1tica, os alunos de todas as turmas do 8\u00ba ano de escolaridade realizaram com muito interesse, entusiasmo, imagina\u00e7\u00e3o e criatividade uma atividade proposta pela docente Cristina Oliveira. Esta consistia em recorrer a material reciclado ou constru\u00e7\u00e3o de v\u00e1rios s\u00f3lidos geom\u00e9tricos para elaborar um projeto \u00e0 escolha, de algo que identificassem [&hellip;]<\/p>\n","protected":false},"author":1,"featured_media":3782,"comment_status":"closed","ping_status":"open","sticky":false,"template":"","format":"standard","meta":{"_acf_changed":false,"footnotes":"","jetpack_publicize_message":"","jetpack_publicize_feature_enabled":true,"jetpack_social_post_already_shared":true,"jetpack_social_options":{"image_generator_settings":{"template":"highway","enabled":false}}},"categories":[64],"tags":[],"jetpack_publicize_connections":[],"acf":[],"jetpack_featured_media_url":"http:\/\/www.eb23caiderei.pt\/site\/wp-content\/uploads\/2022\/11\/solidos22_p.png","jetpack_sharing_enabled":true,"_links":{"self":[{"href":"http:\/\/www.eb23caiderei.pt\/site\/index.php?rest_route=\/wp\/v2\/posts\/3781"}],"collection":[{"href":"http:\/\/www.eb23caiderei.pt\/site\/index.php?rest_route=\/wp\/v2\/posts"}],"about":[{"href":"http:\/\/www.eb23caiderei.pt\/site\/index.php?rest_route=\/wp\/v2\/types\/post"}],"author":[{"embeddable":true,"href":"http:\/\/www.eb23caiderei.pt\/site\/index.php?rest_route=\/wp\/v2\/users\/1"}],"replies":[{"embeddable":true,"href":"http:\/\/www.eb23caiderei.pt\/site\/index.php?rest_route=%2Fwp%2Fv2%2Fcomments&post=3781"}],"version-history":[{"count":1,"href":"http:\/\/www.eb23caiderei.pt\/site\/index.php?rest_route=\/wp\/v2\/posts\/3781\/revisions"}],"predecessor-version":[{"id":3783,"href":"http:\/\/www.eb23caiderei.pt\/site\/index.php?rest_route=\/wp\/v2\/posts\/3781\/revisions\/3783"}],"wp:featuredmedia":[{"embeddable":true,"href":"http:\/\/www.eb23caiderei.pt\/site\/index.php?rest_route=\/wp\/v2\/media\/3782"}],"wp:attachment":[{"href":"http:\/\/www.eb23caiderei.pt\/site\/index.php?rest_route=%2Fwp%2Fv2%2Fmedia&parent=3781"}],"wp:term":[{"taxonomy":"category","embeddable":true,"href":"http:\/\/www.eb23caiderei.pt\/site\/index.php?rest_route=%2Fwp%2Fv2%2Fcategories&post=3781"},{"taxonomy":"post_tag","embeddable":true,"href":"http:\/\/www.eb23caiderei.pt\/site\/index.php?rest_route=%2Fwp%2Fv2%2Ftags&post=3781"}],"curies":[{"name":"wp","href":"https:\/\/api.w.org\/{rel}","templated":true}]}}