{"id":3518,"date":"2022-06-24T18:32:12","date_gmt":"2022-06-24T18:32:12","guid":{"rendered":"http:\/\/www.eb23caiderei.pt\/site\/?p=3518"},"modified":"2022-06-24T18:32:12","modified_gmt":"2022-06-24T18:32:12","slug":"projeto-reler-e-reescrever-com-a-biblioteca-escolar","status":"publish","type":"post","link":"http:\/\/www.eb23caiderei.pt\/site\/?p=3518","title":{"rendered":"Projeto (Re)Ler e (Re)escrever com a Biblioteca Escolar"},"content":{"rendered":"<p style=\"text-align: justify;\">O projeto (Re)Ler e (Re)escrever com a BE resultou de uma\u00a0 candidatura efetuada pela equipa da BE em articula\u00e7\u00e3o com as docentes de Portugu\u00eas do 6\u00ba ano.Tendo sido aceite, foi financiada\u00a0 pela RBE (Rede de Bibliotecas Escolares),\u00a0 e desenvolveu-se no presente ano letivo nas \u00a0turmas do 6\u00ba ano, com maior incid\u00eancia nas turmas do 6\u00ba D e 6\u00ba B\/C.<\/p>\n<p style=\"text-align: justify;\">As atividades\u00a0 realizadas e alguns dos trabalhos produzidos pelos alunos durante o ano letivo s\u00e3o divulgados no\u00a0padlet criado para dinamizar este projeto.<\/p>\n<blockquote><p><a href=\"https:\/\/padlet.com\/becrecaiderei\/n4n2973mv5hs0u5v\" target=\"_blank\" rel=\"noopener\">Ver trabalhos<\/a><\/p><\/blockquote>\n","protected":false},"excerpt":{"rendered":"<p>O projeto (Re)Ler e (Re)escrever com a BE resultou de uma\u00a0 candidatura efetuada pela equipa da BE em articula\u00e7\u00e3o com as docentes de Portugu\u00eas do 6\u00ba ano.Tendo sido aceite, foi financiada\u00a0 pela RBE (Rede de Bibliotecas Escolares),\u00a0 e desenvolveu-se no presente ano letivo nas \u00a0turmas do 6\u00ba ano, com maior incid\u00eancia nas turmas do 6\u00ba [&hellip;]<\/p>\n","protected":false},"author":1,"featured_media":3519,"comment_status":"closed","ping_status":"open","sticky":false,"template":"","format":"standard","meta":{"_acf_changed":false,"footnotes":"","jetpack_publicize_message":"","jetpack_publicize_feature_enabled":true,"jetpack_social_post_already_shared":true,"jetpack_social_options":{"image_generator_settings":{"template":"highway","enabled":false}}},"categories":[64],"tags":[],"jetpack_publicize_connections":[],"acf":[],"jetpack_featured_media_url":"http:\/\/www.eb23caiderei.pt\/site\/wp-content\/uploads\/2022\/06\/reler_escrever22_p.jpg","jetpack_sharing_enabled":true,"_links":{"self":[{"href":"http:\/\/www.eb23caiderei.pt\/site\/index.php?rest_route=\/wp\/v2\/posts\/3518"}],"collection":[{"href":"http:\/\/www.eb23caiderei.pt\/site\/index.php?rest_route=\/wp\/v2\/posts"}],"about":[{"href":"http:\/\/www.eb23caiderei.pt\/site\/index.php?rest_route=\/wp\/v2\/types\/post"}],"author":[{"embeddable":true,"href":"http:\/\/www.eb23caiderei.pt\/site\/index.php?rest_route=\/wp\/v2\/users\/1"}],"replies":[{"embeddable":true,"href":"http:\/\/www.eb23caiderei.pt\/site\/index.php?rest_route=%2Fwp%2Fv2%2Fcomments&post=3518"}],"version-history":[{"count":1,"href":"http:\/\/www.eb23caiderei.pt\/site\/index.php?rest_route=\/wp\/v2\/posts\/3518\/revisions"}],"predecessor-version":[{"id":3520,"href":"http:\/\/www.eb23caiderei.pt\/site\/index.php?rest_route=\/wp\/v2\/posts\/3518\/revisions\/3520"}],"wp:featuredmedia":[{"embeddable":true,"href":"http:\/\/www.eb23caiderei.pt\/site\/index.php?rest_route=\/wp\/v2\/media\/3519"}],"wp:attachment":[{"href":"http:\/\/www.eb23caiderei.pt\/site\/index.php?rest_route=%2Fwp%2Fv2%2Fmedia&parent=3518"}],"wp:term":[{"taxonomy":"category","embeddable":true,"href":"http:\/\/www.eb23caiderei.pt\/site\/index.php?rest_route=%2Fwp%2Fv2%2Fcategories&post=3518"},{"taxonomy":"post_tag","embeddable":true,"href":"http:\/\/www.eb23caiderei.pt\/site\/index.php?rest_route=%2Fwp%2Fv2%2Ftags&post=3518"}],"curies":[{"name":"wp","href":"https:\/\/api.w.org\/{rel}","templated":true}]}}