{"id":3391,"date":"2022-05-23T14:27:04","date_gmt":"2022-05-23T14:27:04","guid":{"rendered":"http:\/\/www.eb23caiderei.pt\/site\/?p=3391"},"modified":"2022-05-23T14:27:04","modified_gmt":"2022-05-23T14:27:04","slug":"projeto-adotei-uma-arvore","status":"publish","type":"post","link":"http:\/\/www.eb23caiderei.pt\/site\/?p=3391","title":{"rendered":"Projeto \u201cAdotei uma \u00e1rvore\u201d"},"content":{"rendered":"<p style=\"text-align: justify;\">Nas aulas de Cidadania e desenvolvimento do grupo turma\u00a0 6\u00ba AD, na abordagem aos temas \u201cEduca\u00e7\u00e3o Ambiental\u201d e \u201cDesenvolvimento Sustent\u00e1vel\u201d, implementou-se o projeto \u201cAdotei uma \u00e1rvore\u201d que consistiu na escolha de uma \u00e1rvore do recinto escolar, por parte de cada aluno, para o desenvolvimento de v\u00e1rias atividades: identifica\u00e7\u00e3o e carateriza\u00e7\u00e3o da \u00e1rvore escolhida; registo gr\u00e1fico da mesma; elabora\u00e7\u00e3o de cartazes de sensibiliza\u00e7\u00e3o para a import\u00e2ncia da sua prote\u00e7\u00e3o e preserva\u00e7\u00e3o; cria\u00e7\u00e3o de narrativas; constru\u00e7\u00e3o e grava\u00e7\u00e3o em placas de madeira, de slogans que foram afixadas nas respetivas \u00e1rvores. O projeto contou com o envolvimento das disciplinas de Portugu\u00eas, Educa\u00e7\u00e3o Visual, Educa\u00e7\u00e3o Tecnol\u00f3gica e Tecnologias de Comunica\u00e7\u00e3o e Informa\u00e7\u00e3o e do Programa BIOEscolas.<\/p>\n<blockquote>\n<p style=\"text-align: justify;\">E tu, queres, tamb\u00e9m, adotar\u00a0 uma \u00e1rvore?<\/p>\n<\/blockquote>\n<p><a href=\"https:\/\/drive.google.com\/drive\/folders\/1tJ-a-UDGZwkCOikXQPyIBN7Ona6NfZpW?usp=sharing\" target=\"_blank\" rel=\"noopener\">Ver Galeria de Fotografias<\/a><\/p>\n","protected":false},"excerpt":{"rendered":"<p>Nas aulas de Cidadania e desenvolvimento do grupo turma\u00a0 6\u00ba AD, na abordagem aos temas \u201cEduca\u00e7\u00e3o Ambiental\u201d e \u201cDesenvolvimento Sustent\u00e1vel\u201d, implementou-se o projeto \u201cAdotei uma \u00e1rvore\u201d que consistiu na escolha de uma \u00e1rvore do recinto escolar, por parte de cada aluno, para o desenvolvimento de v\u00e1rias atividades: identifica\u00e7\u00e3o e carateriza\u00e7\u00e3o da \u00e1rvore escolhida; registo gr\u00e1fico [&hellip;]<\/p>\n","protected":false},"author":1,"featured_media":3393,"comment_status":"closed","ping_status":"open","sticky":false,"template":"","format":"standard","meta":{"_acf_changed":false,"footnotes":"","jetpack_publicize_message":"","jetpack_publicize_feature_enabled":true,"jetpack_social_post_already_shared":true,"jetpack_social_options":{"image_generator_settings":{"template":"highway","enabled":false}}},"categories":[64],"tags":[],"jetpack_publicize_connections":[],"acf":[],"jetpack_featured_media_url":"http:\/\/www.eb23caiderei.pt\/site\/wp-content\/uploads\/2022\/05\/projeto_arvore_22_p.jpg","jetpack_sharing_enabled":true,"_links":{"self":[{"href":"http:\/\/www.eb23caiderei.pt\/site\/index.php?rest_route=\/wp\/v2\/posts\/3391"}],"collection":[{"href":"http:\/\/www.eb23caiderei.pt\/site\/index.php?rest_route=\/wp\/v2\/posts"}],"about":[{"href":"http:\/\/www.eb23caiderei.pt\/site\/index.php?rest_route=\/wp\/v2\/types\/post"}],"author":[{"embeddable":true,"href":"http:\/\/www.eb23caiderei.pt\/site\/index.php?rest_route=\/wp\/v2\/users\/1"}],"replies":[{"embeddable":true,"href":"http:\/\/www.eb23caiderei.pt\/site\/index.php?rest_route=%2Fwp%2Fv2%2Fcomments&post=3391"}],"version-history":[{"count":2,"href":"http:\/\/www.eb23caiderei.pt\/site\/index.php?rest_route=\/wp\/v2\/posts\/3391\/revisions"}],"predecessor-version":[{"id":3394,"href":"http:\/\/www.eb23caiderei.pt\/site\/index.php?rest_route=\/wp\/v2\/posts\/3391\/revisions\/3394"}],"wp:featuredmedia":[{"embeddable":true,"href":"http:\/\/www.eb23caiderei.pt\/site\/index.php?rest_route=\/wp\/v2\/media\/3393"}],"wp:attachment":[{"href":"http:\/\/www.eb23caiderei.pt\/site\/index.php?rest_route=%2Fwp%2Fv2%2Fmedia&parent=3391"}],"wp:term":[{"taxonomy":"category","embeddable":true,"href":"http:\/\/www.eb23caiderei.pt\/site\/index.php?rest_route=%2Fwp%2Fv2%2Fcategories&post=3391"},{"taxonomy":"post_tag","embeddable":true,"href":"http:\/\/www.eb23caiderei.pt\/site\/index.php?rest_route=%2Fwp%2Fv2%2Ftags&post=3391"}],"curies":[{"name":"wp","href":"https:\/\/api.w.org\/{rel}","templated":true}]}}