{"id":3297,"date":"2022-04-06T16:33:40","date_gmt":"2022-04-06T16:33:40","guid":{"rendered":"http:\/\/www.eb23caiderei.pt\/site\/?p=3297"},"modified":"2022-04-06T16:33:40","modified_gmt":"2022-04-06T16:33:40","slug":"comemoracao-do-dia-mundial-da-floresta-e-da-agua-a-floresta-de-lousada","status":"publish","type":"post","link":"http:\/\/www.eb23caiderei.pt\/site\/?p=3297","title":{"rendered":"Comemora\u00e7\u00e3o do Dia Mundial da Floresta e da \u00c1gua: &#8220;A Floresta de Lousada&#8221;"},"content":{"rendered":"<p style=\"text-align: justify;\">&#8220;A Floresta de Lousada&#8221;<\/p>\n<p style=\"text-align: justify;\">No \u00e2mbito do Dia Mundial da Floresta e Dia da \u00c1gua, os <strong>alunos do 8\u00ba ano de escolaridade<\/strong>, na disciplina de Ci\u00eancias Naturais, efetuaram pesquisas no sentido de identificar e caracterizar os seres vivos aut\u00f3ctones do concelho de Lousada.<\/p>\n<p style=\"text-align: justify;\">Paralelamente, a atividade pretendeu sensibilizar a comunidade escolar para a prote\u00e7\u00e3o do patrim\u00f3nio natural do concelho; identificar os diversos recursos biol\u00f3gicos e naturais e adotar comportamentos de respeito, preserva\u00e7\u00e3o e sensibiliza\u00e7\u00e3o dos mesmos.<\/p>\n<blockquote><p><a href=\"https:\/\/drive.google.com\/drive\/folders\/10Tp6f7ZlVX_TiUAPp-xOW4buzRqa0YwV?usp=sharing\" target=\"_blank\" rel=\"noopener\">Visualizar Trabalhos<\/a><\/p><\/blockquote>\n","protected":false},"excerpt":{"rendered":"<p>&#8220;A Floresta de Lousada&#8221; No \u00e2mbito do Dia Mundial da Floresta e Dia da \u00c1gua, os alunos do 8\u00ba ano de escolaridade, na disciplina de Ci\u00eancias Naturais, efetuaram pesquisas no sentido de identificar e caracterizar os seres vivos aut\u00f3ctones do concelho de Lousada. Paralelamente, a atividade pretendeu sensibilizar a comunidade escolar para a prote\u00e7\u00e3o do [&hellip;]<\/p>\n","protected":false},"author":1,"featured_media":3299,"comment_status":"closed","ping_status":"open","sticky":false,"template":"","format":"standard","meta":{"_acf_changed":false,"footnotes":"","jetpack_publicize_message":"","jetpack_publicize_feature_enabled":true,"jetpack_social_post_already_shared":true,"jetpack_social_options":{"image_generator_settings":{"template":"highway","enabled":false}}},"categories":[64],"tags":[],"jetpack_publicize_connections":[],"acf":[],"jetpack_featured_media_url":"http:\/\/www.eb23caiderei.pt\/site\/wp-content\/uploads\/2022\/04\/diaarvore22_p.jpg","jetpack_sharing_enabled":true,"_links":{"self":[{"href":"http:\/\/www.eb23caiderei.pt\/site\/index.php?rest_route=\/wp\/v2\/posts\/3297"}],"collection":[{"href":"http:\/\/www.eb23caiderei.pt\/site\/index.php?rest_route=\/wp\/v2\/posts"}],"about":[{"href":"http:\/\/www.eb23caiderei.pt\/site\/index.php?rest_route=\/wp\/v2\/types\/post"}],"author":[{"embeddable":true,"href":"http:\/\/www.eb23caiderei.pt\/site\/index.php?rest_route=\/wp\/v2\/users\/1"}],"replies":[{"embeddable":true,"href":"http:\/\/www.eb23caiderei.pt\/site\/index.php?rest_route=%2Fwp%2Fv2%2Fcomments&post=3297"}],"version-history":[{"count":1,"href":"http:\/\/www.eb23caiderei.pt\/site\/index.php?rest_route=\/wp\/v2\/posts\/3297\/revisions"}],"predecessor-version":[{"id":3298,"href":"http:\/\/www.eb23caiderei.pt\/site\/index.php?rest_route=\/wp\/v2\/posts\/3297\/revisions\/3298"}],"wp:featuredmedia":[{"embeddable":true,"href":"http:\/\/www.eb23caiderei.pt\/site\/index.php?rest_route=\/wp\/v2\/media\/3299"}],"wp:attachment":[{"href":"http:\/\/www.eb23caiderei.pt\/site\/index.php?rest_route=%2Fwp%2Fv2%2Fmedia&parent=3297"}],"wp:term":[{"taxonomy":"category","embeddable":true,"href":"http:\/\/www.eb23caiderei.pt\/site\/index.php?rest_route=%2Fwp%2Fv2%2Fcategories&post=3297"},{"taxonomy":"post_tag","embeddable":true,"href":"http:\/\/www.eb23caiderei.pt\/site\/index.php?rest_route=%2Fwp%2Fv2%2Ftags&post=3297"}],"curies":[{"name":"wp","href":"https:\/\/api.w.org\/{rel}","templated":true}]}}