{"id":3031,"date":"2021-12-16T22:26:49","date_gmt":"2021-12-16T22:26:49","guid":{"rendered":"http:\/\/www.eb23caiderei.pt\/site\/?p=3031"},"modified":"2021-12-16T22:27:10","modified_gmt":"2021-12-16T22:27:10","slug":"jose-saramago-100-anos-do-seu-nascimento","status":"publish","type":"post","link":"http:\/\/www.eb23caiderei.pt\/site\/?p=3031","title":{"rendered":"Jos\u00e9 Saramago &#8211; 100 anos do seu nascimento"},"content":{"rendered":"<p style=\"text-align: justify;\">No \u00e2mbito das comemora\u00e7\u00f5es do centen\u00e1rio do nascimento do escritor Jos\u00e9 Saramago e por proposta da Biblioteca Escolar, os alunos do <strong>8\u00ba B<\/strong> e 8\u00ba C, orientados pela professora de Portugu\u00eas iniciaram um projeto de articula\u00e7\u00e3o curricular. Os\u00a0\u00a0objetivos s\u00e3o a pesquisa da vida e obra do escritor Jos\u00e9 Saramago; motivar para a leitura e desenvolver compet\u00eancias digitais.<\/p>\n<p>&nbsp;<\/p>\n<div style=\"width: 100%;\">\n<div style=\"position: relative; padding-bottom: 55.42%; padding-top: 0px; height: 0px; text-align: center;\"><iframe src=\"https:\/\/view.genial.ly\/6172cde4383cff0dec8cd4fa\" width=\"1200\" height=\"665\" frameborder=\"0\"><\/iframe><\/div>\n<\/div>\n","protected":false},"excerpt":{"rendered":"<p>No \u00e2mbito das comemora\u00e7\u00f5es do centen\u00e1rio do nascimento do escritor Jos\u00e9 Saramago e por proposta da Biblioteca Escolar, os alunos do 8\u00ba B e 8\u00ba C, orientados pela professora de Portugu\u00eas iniciaram um projeto de articula\u00e7\u00e3o curricular. Os\u00a0\u00a0objetivos s\u00e3o a pesquisa da vida e obra do escritor Jos\u00e9 Saramago; motivar para a leitura e desenvolver [&hellip;]<\/p>\n","protected":false},"author":1,"featured_media":3032,"comment_status":"closed","ping_status":"open","sticky":false,"template":"","format":"standard","meta":{"_acf_changed":false,"footnotes":"","jetpack_publicize_message":"","jetpack_publicize_feature_enabled":true,"jetpack_social_post_already_shared":true,"jetpack_social_options":{"image_generator_settings":{"template":"highway","enabled":false}}},"categories":[64],"tags":[],"jetpack_publicize_connections":[],"acf":[],"jetpack_featured_media_url":"http:\/\/www.eb23caiderei.pt\/site\/wp-content\/uploads\/2021\/12\/josesaramago21_p.png","jetpack_sharing_enabled":true,"_links":{"self":[{"href":"http:\/\/www.eb23caiderei.pt\/site\/index.php?rest_route=\/wp\/v2\/posts\/3031"}],"collection":[{"href":"http:\/\/www.eb23caiderei.pt\/site\/index.php?rest_route=\/wp\/v2\/posts"}],"about":[{"href":"http:\/\/www.eb23caiderei.pt\/site\/index.php?rest_route=\/wp\/v2\/types\/post"}],"author":[{"embeddable":true,"href":"http:\/\/www.eb23caiderei.pt\/site\/index.php?rest_route=\/wp\/v2\/users\/1"}],"replies":[{"embeddable":true,"href":"http:\/\/www.eb23caiderei.pt\/site\/index.php?rest_route=%2Fwp%2Fv2%2Fcomments&post=3031"}],"version-history":[{"count":1,"href":"http:\/\/www.eb23caiderei.pt\/site\/index.php?rest_route=\/wp\/v2\/posts\/3031\/revisions"}],"predecessor-version":[{"id":3033,"href":"http:\/\/www.eb23caiderei.pt\/site\/index.php?rest_route=\/wp\/v2\/posts\/3031\/revisions\/3033"}],"wp:featuredmedia":[{"embeddable":true,"href":"http:\/\/www.eb23caiderei.pt\/site\/index.php?rest_route=\/wp\/v2\/media\/3032"}],"wp:attachment":[{"href":"http:\/\/www.eb23caiderei.pt\/site\/index.php?rest_route=%2Fwp%2Fv2%2Fmedia&parent=3031"}],"wp:term":[{"taxonomy":"category","embeddable":true,"href":"http:\/\/www.eb23caiderei.pt\/site\/index.php?rest_route=%2Fwp%2Fv2%2Fcategories&post=3031"},{"taxonomy":"post_tag","embeddable":true,"href":"http:\/\/www.eb23caiderei.pt\/site\/index.php?rest_route=%2Fwp%2Fv2%2Ftags&post=3031"}],"curies":[{"name":"wp","href":"https:\/\/api.w.org\/{rel}","templated":true}]}}