{"id":2994,"date":"2021-11-24T19:40:41","date_gmt":"2021-11-24T19:40:41","guid":{"rendered":"https:\/\/www.eb23caiderei.pt\/site\/?p=2994"},"modified":"2021-11-24T19:41:45","modified_gmt":"2021-11-24T19:41:45","slug":"dia-nacional-do-pijama-eb-caide-de-rei","status":"publish","type":"post","link":"http:\/\/www.eb23caiderei.pt\/site\/?p=2994","title":{"rendered":"Dia Nacional do Pijama (EB Ca\u00edde de Rei)"},"content":{"rendered":"<p>Este ano comemoramos o Dia do Pijama de forma muito entusiasta.<\/p>\n<p>Recebemos a visita das tr\u00eas personagens da fant\u00e1stica hist\u00f3ria As Palavras Esquecidas: o Quincas, a Maria e o Pinguim Manco. Divertimo-nos imenso com a narra\u00e7\u00e3o da hist\u00f3ria. Todo o espa\u00e7o foi decorado com magn\u00edficos trabalhos elaborados nas salas e tamb\u00e9m com a colabora\u00e7\u00e3o ativa das fam\u00edlias que enviaram para a escola as palavras que est\u00e3o em desuso e tamb\u00e9m criaram os monstros com os seus filhos.<\/p>\n<p>Todo o cen\u00e1rio ficou deslumbrante e criou a envolv\u00eancia perfeita, permitindo tornar este momento inesquec\u00edvel.<\/p>\n<p>Terminamos a nossa festa com a t\u00e3o esperada dan\u00e7a do Pijama, em que todos demonstraram a alegria contagiante que marcou esta atividade.<\/p>\n<p><strong>A Escola agradece a todos os envolvidos: Familias, Docentes, Assistentes Operacionais e aos nossos queridos alunos.<\/strong><\/p>\n<p><em>Foi para eles este dia!!!! Para o ano h\u00e1 mais!!!!\u00a0<\/em><\/p>\n<p>&nbsp;<\/p>\n<p><a href=\"https:\/\/photos.app.goo.gl\/F4g8HbccP18Bob4a8\" target=\"_blank\" rel=\"noopener\">Aqui fica o Link para as fotos : https:\/\/photos.app.goo.gl\/F4g8HbccP18Bob4a8<\/a><\/p>\n<p>&nbsp;<\/p>\n<p><img fetchpriority=\"high\" decoding=\"async\" class=\"wp-image-2996 size-large alignleft\" src=\"http:\/\/www.eb23caiderei.pt\/site\/wp-content\/uploads\/2021\/11\/Pijama-728x1024.jpg\" alt=\"\" width=\"640\" height=\"900\" srcset=\"http:\/\/www.eb23caiderei.pt\/site\/wp-content\/uploads\/2021\/11\/Pijama-728x1024.jpg 728w, http:\/\/www.eb23caiderei.pt\/site\/wp-content\/uploads\/2021\/11\/Pijama-213x300.jpg 213w, http:\/\/www.eb23caiderei.pt\/site\/wp-content\/uploads\/2021\/11\/Pijama-768x1081.jpg 768w, http:\/\/www.eb23caiderei.pt\/site\/wp-content\/uploads\/2021\/11\/Pijama-1092x1536.jpg 1092w, http:\/\/www.eb23caiderei.pt\/site\/wp-content\/uploads\/2021\/11\/Pijama-78x110.jpg 78w, http:\/\/www.eb23caiderei.pt\/site\/wp-content\/uploads\/2021\/11\/Pijama-298x420.jpg 298w, http:\/\/www.eb23caiderei.pt\/site\/wp-content\/uploads\/2021\/11\/Pijama-306x430.jpg 306w, http:\/\/www.eb23caiderei.pt\/site\/wp-content\/uploads\/2021\/11\/Pijama.jpg 1125w\" sizes=\"(max-width: 640px) 100vw, 640px\" \/><\/p>\n<p>&nbsp;<\/p>\n<p>&nbsp;<\/p>\n<p>&nbsp;<\/p>\n<p>&nbsp;<\/p>\n<p>&nbsp;<\/p>\n<p><strong>Este ano a Miss\u00e3o Pijama foi um sucesso!!!<\/strong><br \/>\nA Escola B\u00e1sica de Ca\u00edde Rei angariou o total de 725\u20ac na Miss\u00e3o Pijama 2021.<\/p>\n<p>\u00c9 um orgulho podermos ajudar a Mundos de Vida!!<\/p>\n<p>Com o contributo de todos poderemos resgatar mais crian\u00e7as que vivem separadas das fam\u00edlias, em institui\u00e7\u00f5es, e contribuir para possam ser integradas em fam\u00edlias de acolhimento.<\/p>\n<p>Obrigada a todos!!!<\/p>\n","protected":false},"excerpt":{"rendered":"<p>Este ano comemoramos o Dia do Pijama de forma muito entusiasta. Recebemos a visita das tr\u00eas personagens da fant\u00e1stica hist\u00f3ria As Palavras Esquecidas: o Quincas, a Maria e o Pinguim Manco. Divertimo-nos imenso com a narra\u00e7\u00e3o da hist\u00f3ria. Todo o espa\u00e7o foi decorado com magn\u00edficos trabalhos elaborados nas salas e tamb\u00e9m com a colabora\u00e7\u00e3o ativa [&hellip;]<\/p>\n","protected":false},"author":1,"featured_media":2995,"comment_status":"closed","ping_status":"open","sticky":false,"template":"","format":"standard","meta":{"_acf_changed":false,"footnotes":"","jetpack_publicize_message":"","jetpack_publicize_feature_enabled":true,"jetpack_social_post_already_shared":true,"jetpack_social_options":{"image_generator_settings":{"template":"highway","enabled":false}}},"categories":[64],"tags":[123,107],"jetpack_publicize_connections":[],"acf":[],"jetpack_featured_media_url":"http:\/\/www.eb23caiderei.pt\/site\/wp-content\/uploads\/2021\/11\/pijama.png","jetpack_sharing_enabled":true,"_links":{"self":[{"href":"http:\/\/www.eb23caiderei.pt\/site\/index.php?rest_route=\/wp\/v2\/posts\/2994"}],"collection":[{"href":"http:\/\/www.eb23caiderei.pt\/site\/index.php?rest_route=\/wp\/v2\/posts"}],"about":[{"href":"http:\/\/www.eb23caiderei.pt\/site\/index.php?rest_route=\/wp\/v2\/types\/post"}],"author":[{"embeddable":true,"href":"http:\/\/www.eb23caiderei.pt\/site\/index.php?rest_route=\/wp\/v2\/users\/1"}],"replies":[{"embeddable":true,"href":"http:\/\/www.eb23caiderei.pt\/site\/index.php?rest_route=%2Fwp%2Fv2%2Fcomments&post=2994"}],"version-history":[{"count":2,"href":"http:\/\/www.eb23caiderei.pt\/site\/index.php?rest_route=\/wp\/v2\/posts\/2994\/revisions"}],"predecessor-version":[{"id":2998,"href":"http:\/\/www.eb23caiderei.pt\/site\/index.php?rest_route=\/wp\/v2\/posts\/2994\/revisions\/2998"}],"wp:featuredmedia":[{"embeddable":true,"href":"http:\/\/www.eb23caiderei.pt\/site\/index.php?rest_route=\/wp\/v2\/media\/2995"}],"wp:attachment":[{"href":"http:\/\/www.eb23caiderei.pt\/site\/index.php?rest_route=%2Fwp%2Fv2%2Fmedia&parent=2994"}],"wp:term":[{"taxonomy":"category","embeddable":true,"href":"http:\/\/www.eb23caiderei.pt\/site\/index.php?rest_route=%2Fwp%2Fv2%2Fcategories&post=2994"},{"taxonomy":"post_tag","embeddable":true,"href":"http:\/\/www.eb23caiderei.pt\/site\/index.php?rest_route=%2Fwp%2Fv2%2Ftags&post=2994"}],"curies":[{"name":"wp","href":"https:\/\/api.w.org\/{rel}","templated":true}]}}